{"id":3457,"date":"2023-09-11T21:14:47","date_gmt":"2023-09-12T00:14:47","guid":{"rendered":"https:\/\/lametro989.com\/?p=3457"},"modified":"2023-09-11T21:14:47","modified_gmt":"2023-09-12T00:14:47","slug":"alberto-fernandez-reaparecio-para-cuestionar-al-fmi-y-los-comparo-con-un-fondo-buitre","status":"publish","type":"post","link":"https:\/\/lametro989.com\/?p=3457","title":{"rendered":"Alberto Fern\u00e1ndez reapareci\u00f3 para cuestionar al FMI y los compar\u00f3 con un fondo buitre"},"content":{"rendered":"\n<p>Tras participar de la cumbre del G20 en Nueva Delhi, el Presidente apunt\u00f3 contra el Fondo Monetario Internacional y resalt\u00f3 que desde la entidad no consideran el da\u00f1o econ\u00f3mico que la sequ\u00eda le caus\u00f3 a Argentina.<\/p>\n\n\n\n<figure class=\"wp-block-image size-full\"><img loading=\"lazy\" decoding=\"async\" width=\"850\" height=\"567\" src=\"https:\/\/lametro989.com\/wp-content\/uploads\/2023\/09\/imagen-109.png\" alt=\"\" class=\"wp-image-3458\" srcset=\"https:\/\/lametro989.com\/wp-content\/uploads\/2023\/09\/imagen-109.png 850w, https:\/\/lametro989.com\/wp-content\/uploads\/2023\/09\/imagen-109-300x200.png 300w, https:\/\/lametro989.com\/wp-content\/uploads\/2023\/09\/imagen-109-768x512.png 768w\" sizes=\"auto, (max-width: 850px) 100vw, 850px\" \/><\/figure>\n\n\n\n<p>El presidente argentino, Alberto Fern\u00e1ndez, hizo declaraciones contundentes sobre el Fondo Monetario Internacional (FMI) despu\u00e9s de su participaci\u00f3n en la cumbre del G20 en Nueva Delhi. Fern\u00e1ndez compar\u00f3 al personal del FMI con un fondo buitre y cuestion\u00f3 su l\u00f3gica de funcionamiento.<\/p>\n\n\n\n<p>Seg\u00fan el mandatario, <strong>los fondos buitre act\u00faan como usureros, viviendo de los intereses cobrados<\/strong>, y afirm\u00f3 que el FMI, que originalmente fue creado para proporcionar recursos a pa\u00edses con dificultades para acceder a financiamiento privado, deber\u00eda cobrar intereses m\u00e1s bajos. Sin embargo, <strong>Fern\u00e1ndez argument\u00f3 que esto ha cambiado y que el FMI no est\u00e1 considerando adecuadamente el da\u00f1o econ\u00f3mico causado por la sequ\u00eda en Argentina.<\/strong><\/p>\n\n\n\n<p>El presidente argentino se\u00f1al\u00f3 que la sequ\u00eda ha arruinado las cosechas e importaciones del pa\u00eds, y que esta situaci\u00f3n deber\u00eda haber sido considerada al firmar el acuerdo con el FMI. Fern\u00e1ndez expres\u00f3 su descontento con la falta de flexibilidad en los objetivos del Fondo, <strong>a pesar de la p\u00e9rdida de 25 millones de d\u00f3lares que sufri\u00f3 Argentina debido a la sequ\u00eda.<\/strong><\/p>\n\n\n\n<p>Fern\u00e1ndez tambi\u00e9n critic\u00f3 el poder excesivo del personal del FMI y destac\u00f3 que, m\u00e1s all\u00e1 de los an\u00e1lisis aritm\u00e9ticos, existe un an\u00e1lisis pol\u00edtico que debe tenerse en cuenta. <strong>Consider\u00f3 que no tiene sentido asfixiar a un pa\u00eds en t\u00e9rminos de deuda y expres\u00f3 su decepci\u00f3n por la falta de cambios en la postura del FMI.<\/strong><\/p>\n\n\n\n<p>A pesar de las cr\u00edticas, el presidente Fern\u00e1ndez eximi\u00f3 a la directora del FMI, Kristalina Georgieva, al afirmar que estuvo de acuerdo con su postura y prometi\u00f3 corregir los sobrecargos en el futuro. Adem\u00e1s, Fern\u00e1ndez convers\u00f3 con el presidente de Estados Unidos, Joe Biden,<strong> y le solicit\u00f3 consideraci\u00f3n en este asunto.<\/strong><\/p>\n","protected":false},"excerpt":{"rendered":"<p>Tras participar de la cumbre del G20 en Nueva Delhi, el Presidente apunt\u00f3 contra el Fondo Monetario Internacional y resalt\u00f3 que desde la entidad no&hellip; <\/p>\n","protected":false},"author":2,"featured_media":3458,"comment_status":"open","ping_status":"open","sticky":false,"template":"","format":"standard","meta":{"footnotes":""},"categories":[5],"tags":[],"class_list":["post-3457","post","type-post","status-publish","format-standard","has-post-thumbnail","hentry","category-politica"],"_links":{"self":[{"href":"https:\/\/lametro989.com\/index.php?rest_route=\/wp\/v2\/posts\/3457","targetHints":{"allow":["GET"]}}],"collection":[{"href":"https:\/\/lametro989.com\/index.php?rest_route=\/wp\/v2\/posts"}],"about":[{"href":"https:\/\/lametro989.com\/index.php?rest_route=\/wp\/v2\/types\/post"}],"author":[{"embeddable":true,"href":"https:\/\/lametro989.com\/index.php?rest_route=\/wp\/v2\/users\/2"}],"replies":[{"embeddable":true,"href":"https:\/\/lametro989.com\/index.php?rest_route=%2Fwp%2Fv2%2Fcomments&post=3457"}],"version-history":[{"count":1,"href":"https:\/\/lametro989.com\/index.php?rest_route=\/wp\/v2\/posts\/3457\/revisions"}],"predecessor-version":[{"id":3459,"href":"https:\/\/lametro989.com\/index.php?rest_route=\/wp\/v2\/posts\/3457\/revisions\/3459"}],"wp:featuredmedia":[{"embeddable":true,"href":"https:\/\/lametro989.com\/index.php?rest_route=\/wp\/v2\/media\/3458"}],"wp:attachment":[{"href":"https:\/\/lametro989.com\/index.php?rest_route=%2Fwp%2Fv2%2Fmedia&parent=3457"}],"wp:term":[{"taxonomy":"category","embeddable":true,"href":"https:\/\/lametro989.com\/index.php?rest_route=%2Fwp%2Fv2%2Fcategories&post=3457"},{"taxonomy":"post_tag","embeddable":true,"href":"https:\/\/lametro989.com\/index.php?rest_route=%2Fwp%2Fv2%2Ftags&post=3457"}],"curies":[{"name":"wp","href":"https:\/\/api.w.org\/{rel}","templated":true}]}}