{"id":3460,"date":"2023-09-11T21:18:04","date_gmt":"2023-09-12T00:18:04","guid":{"rendered":"https:\/\/lametro989.com\/?p=3460"},"modified":"2023-09-11T21:18:04","modified_gmt":"2023-09-12T00:18:04","slug":"federacion-de-magistrados-insto-a-autoridades-chaquenas-a-restablecer-la-intangibilidad-salarial","status":"publish","type":"post","link":"https:\/\/lametro989.com\/?p=3460","title":{"rendered":"Federaci\u00f3n de Magistrados inst\u00f3 a autoridades chaque\u00f1as a restablecer la intangibilidad salarial"},"content":{"rendered":"\n<p>La entidad nacional que nuclea a la Magistratura y la Funci\u00f3n Judicial se reuni\u00f3 en asamblea extraordinaria y manifest\u00f3 su preocupaci\u00f3n por el restablecimiento de la garant\u00eda constitucional a partir del fallo Alonso de Martina.<\/p>\n\n\n\n<figure class=\"wp-block-image size-full\"><img loading=\"lazy\" decoding=\"async\" width=\"850\" height=\"478\" src=\"https:\/\/lametro989.com\/wp-content\/uploads\/2023\/09\/imagen-110.png\" alt=\"\" class=\"wp-image-3461\" srcset=\"https:\/\/lametro989.com\/wp-content\/uploads\/2023\/09\/imagen-110.png 850w, https:\/\/lametro989.com\/wp-content\/uploads\/2023\/09\/imagen-110-300x169.png 300w, https:\/\/lametro989.com\/wp-content\/uploads\/2023\/09\/imagen-110-768x432.png 768w\" sizes=\"auto, (max-width: 850px) 100vw, 850px\" \/><\/figure>\n\n\n\n<p>La <strong>Federaci\u00f3n Argentina de la Magistratura y la Funci\u00f3n Judicial<\/strong> se conform\u00f3 en Asamblea Extraordinaria el pasado viernes en CABA y tras debate con representantes chaque\u00f1os y de varias provincias, instaron a las autoridades locales a restablecer la garant\u00eda constitucional de intangibilidad respecto a las remuneraciones de magistrados a trav\u00e9s del pago de la media nacional.<div class=\"wrapper\"><article id=\"item\" itemscope=\"itemscope\" itemtype=\"http:\/\/schema.org\/NewsArticle\"><section class=\"body\"><section class=\"content\"><div class=\"main-text\"><p>La Junta de Gobierno de la entidad se refiri\u00f3 as\u00ed a la sentencia firme en la causa<strong> Alonso de Martina<\/strong>, cuya ley vigente es la 3.424-A. En un comunicado firmado por las m\u00e1ximas autoridades de la Federaci\u00f3n, <strong>destacaron la actual vigencia de incompatibilidades en las actividades remunerativas a los integrantes del Poder Judicial.<\/strong><\/p><\/div><\/section><\/section><\/article><\/div><\/p>\n\n\n\n<p>&#8220;La situaci\u00f3n es todav\u00eda m\u00e1s grave cuando se comprueba que adem\u00e1s de una mora de hasta 14 meses en la percepci\u00f3n del primer haber jubilatorio, esos haberes no reciben actualizaci\u00f3n en el contexto inflacionario por todos conocidos. La actualizaci\u00f3n de los haberes debe guardar relaci\u00f3n con las remuneraciones de los activos, y ser efectivizada de modo tal que no implique una p\u00e9rdida significativa del valor adquisitivo de las prestaciones previsionales&#8221;, sentenciaron.<\/p>\n\n\n\n<p>Por otra parte, la FAM tambi\u00e9n destac\u00f3 que <strong>la intangibilidad de las remuneraciones de los magistrados ha sido reconocida internacionalmente como parte de los principios que sostienen a la independencia judicial<\/strong>, y que por ello &#8220;afectarla socava el equilibrio institucional y deteriora insalvablemente la calidad de la respuesta del sistema de justicia&#8221;.<\/p>\n\n\n\n<p>&#8220;Instamos a las autoridades de la provincia del Chaco al inmediato restablecimiento de la garant\u00eda constitucional de intangibilidad de las remuneraciones de magistrados y magistradas, <strong>a trav\u00e9s del pago de la media nacional<\/strong>, conforme sentencia firme en causa Alonso de Martina y ley vigente 3424-A&#8221;, afirmaron entonces.<ins><\/ins><\/p>\n\n\n\n<p>La FAM tambi\u00e9n se hizo eco de dificultades que atraviesan otras provincias, y en el punto 5 del comunicado reconocieron que la ciudadan\u00eda les exige cambios estructurales en el servicio de justicia, para lo cual consideraron necesario evaluar <strong>&#8220;en primer lugar, cu\u00e1l es la proporci\u00f3n de crecimiento de la poblaci\u00f3n y de la litigiosidad, en relaci\u00f3n a la cantidad de magistrados&#8221;.<\/strong><\/p>\n\n\n\n<p>&#8220;La experiencia nos dice que mientras las primeras crecieron exponencialmente, se mantiene el mismo n\u00famero de jueces, fiscales y defensores desde hace varias d\u00e9cadas&#8221;, se\u00f1alaron.<\/p>\n\n\n\n<p><div class=\"wrapper\"><article id=\"item\" itemscope=\"itemscope\" itemtype=\"http:\/\/schema.org\/NewsArticle\"><section class=\"body\"><section class=\"content\"><div class=\"main-text\"><p> En este sentido, hicieron hincapi\u00e9 en las dificultades con el tr\u00e1mite previsional en ANSES, y que afectar\u00eda a 11 jurisdicciones<strong> &#8220;que tienen sus cajas previsionales transferidas y les es aplicable el r\u00e9gimen de la Ley 24.018 y sus modificatorias&#8221;.<\/strong><\/p><\/div><\/section><\/section><\/article><\/div><\/p>\n","protected":false},"excerpt":{"rendered":"<p>La entidad nacional que nuclea a la Magistratura y la Funci\u00f3n Judicial se reuni\u00f3 en asamblea extraordinaria y manifest\u00f3 su preocupaci\u00f3n por el restablecimiento de&hellip; <\/p>\n","protected":false},"author":2,"featured_media":3461,"comment_status":"open","ping_status":"open","sticky":false,"template":"","format":"standard","meta":{"footnotes":""},"categories":[9,2],"tags":[],"class_list":["post-3460","post","type-post","status-publish","format-standard","has-post-thumbnail","hentry","category-destacadas","category-provinciales"],"_links":{"self":[{"href":"https:\/\/lametro989.com\/index.php?rest_route=\/wp\/v2\/posts\/3460","targetHints":{"allow":["GET"]}}],"collection":[{"href":"https:\/\/lametro989.com\/index.php?rest_route=\/wp\/v2\/posts"}],"about":[{"href":"https:\/\/lametro989.com\/index.php?rest_route=\/wp\/v2\/types\/post"}],"author":[{"embeddable":true,"href":"https:\/\/lametro989.com\/index.php?rest_route=\/wp\/v2\/users\/2"}],"replies":[{"embeddable":true,"href":"https:\/\/lametro989.com\/index.php?rest_route=%2Fwp%2Fv2%2Fcomments&post=3460"}],"version-history":[{"count":1,"href":"https:\/\/lametro989.com\/index.php?rest_route=\/wp\/v2\/posts\/3460\/revisions"}],"predecessor-version":[{"id":3462,"href":"https:\/\/lametro989.com\/index.php?rest_route=\/wp\/v2\/posts\/3460\/revisions\/3462"}],"wp:featuredmedia":[{"embeddable":true,"href":"https:\/\/lametro989.com\/index.php?rest_route=\/wp\/v2\/media\/3461"}],"wp:attachment":[{"href":"https:\/\/lametro989.com\/index.php?rest_route=%2Fwp%2Fv2%2Fmedia&parent=3460"}],"wp:term":[{"taxonomy":"category","embeddable":true,"href":"https:\/\/lametro989.com\/index.php?rest_route=%2Fwp%2Fv2%2Fcategories&post=3460"},{"taxonomy":"post_tag","embeddable":true,"href":"https:\/\/lametro989.com\/index.php?rest_route=%2Fwp%2Fv2%2Ftags&post=3460"}],"curies":[{"name":"wp","href":"https:\/\/api.w.org\/{rel}","templated":true}]}}