{"id":3463,"date":"2023-09-11T21:23:34","date_gmt":"2023-09-12T00:23:34","guid":{"rendered":"https:\/\/lametro989.com\/?p=3463"},"modified":"2023-09-11T21:23:34","modified_gmt":"2023-09-12T00:23:34","slug":"jorge-capitanich-con-diario-chaco-lo-que-vamos-a-comprometer-ahora-lo-vamos-a-cumplir","status":"publish","type":"post","link":"https:\/\/lametro989.com\/?p=3463","title":{"rendered":"Jorge Capitanich con Diario Chaco: &#8220;Lo que vamos a comprometer ahora, lo vamos a cumplir&#8221;"},"content":{"rendered":"\n<p>El Gobernador de la provincia y candidato del Frente Chaque\u00f1o habl\u00f3 previo a las elecciones del 17 de septiembre donde va en busca de revertir el resultado de las PASO y obtener la reelecci\u00f3n.\u00a0<\/p>\n\n\n\n<figure class=\"wp-block-image size-full\"><img loading=\"lazy\" decoding=\"async\" width=\"850\" height=\"566\" src=\"https:\/\/lametro989.com\/wp-content\/uploads\/2023\/09\/imagen-111.png\" alt=\"\" class=\"wp-image-3464\" srcset=\"https:\/\/lametro989.com\/wp-content\/uploads\/2023\/09\/imagen-111.png 850w, https:\/\/lametro989.com\/wp-content\/uploads\/2023\/09\/imagen-111-300x200.png 300w, https:\/\/lametro989.com\/wp-content\/uploads\/2023\/09\/imagen-111-768x511.png 768w\" sizes=\"auto, (max-width: 850px) 100vw, 850px\" \/><\/figure>\n\n\n\n<p>A pocos d\u00edas de las elecciones generales que marcaran el rumbo de la provincia por los pr\u00f3ximos cuatro a\u00f1os, <strong>Diario Chaco<\/strong> entrevist\u00f3<strong> en profundidad a los principales candidatos para la gobernaci\u00f3n.&nbsp;<\/strong><\/p>\n\n\n\n<p>En este caso, es el actual mandatario provincial,<strong> Jorge Milton Capitanich<\/strong>, quien se refiri\u00f3 a la actual situaci\u00f3n socioecon\u00f3mica de la provincia, sus propuestas para volver a ocupar el Sill\u00f3n de Obligado y las expectativas para los comicios del 17 de septiembre.&nbsp;<\/p>\n\n\n\n<p>En primer lugar, Capitanich resalt\u00f3 un escenario de incertidumbre sobre los comicios. &#8220;Nuestra lista es la \u00fanica que tienen 70 candidatos a intendentes en toda la provincia, nos sigue la lista de nuestros principales oponentes y las dem\u00e1s no tienen presencial en todo el territorio provincial&#8221;.<\/p>\n\n\n\n<p>En este sentido, asever\u00f3: &#8220;Percibimos que es una elecci\u00f3n que est\u00e1 configurada por un escenario de alta incertidumbre y eso significa que han surgido distintas metodolog\u00edas <strong>de participaci\u00f3n por parte de la ciudadan\u00eda&#8221;.&nbsp;<\/strong><\/p>\n\n\n\n<figure class=\"wp-block-image\"><img decoding=\"async\" src=\"https:\/\/www.diariochaco.com\/content\/bucket\/3\/585153w790h526c.jpg.webp\" alt=\"\"\/><figcaption class=\"wp-element-caption\">Jorge Capitanich con Diario Chaco<\/figcaption><\/figure>\n\n\n\n<p>&#8220;La irrupci\u00f3n de <strong>Javier Milei<\/strong> es un dato objetivo de la realidad y ha tenido un impacto significativo en el orden provincial y en el orden nacional por supuesto&#8221;, dijo el actual gobernador.&nbsp;<\/p>\n\n\n\n<p>En relaci\u00f3n al panorama electoral, el aspirante al Sill\u00f3n de Obligado destac\u00f3: &#8220;Creo que lo que es m\u00e1s importante es no hablar ni hacer an\u00e1lisis, yo voy al grano, nosotros tenemos que observar que en las pr\u00f3ximas elecciones del 17 de septiembre se define tres cuestiones para el elector: <strong>primero un plan de Gobierno, segundo capacidad para gobernar y tercero un balance entre lo que se hizo y lo que se propone&#8221;.&nbsp;<\/strong><ins><\/ins><\/p>\n\n\n\n<p>&#8220;En lo que se refiere a capacidad para gobernar, nosotros no cabe la menor duda que nosotros podemos acreditar eso; plan de gobierno tambi\u00e9n tenemos a trav\u00e9s de un Plan Quinquenal 2023-2027 y Plan Chaco 2023, ellos hablan de plan, pero nunca muestran lo que tienen y en tercer lugar, podemos acreditar logros significativos<strong> y tenemos como toda gesti\u00f3n asignaturas pendientes, las cual son nuestro gran desaf\u00edo<\/strong>&#8220;, estableci\u00f3 contundente.&nbsp;<\/p>\n\n\n\n<h2 class=\"wp-block-heading\"><strong>EJES DE ACCI\u00d3N&nbsp;<\/strong><\/h2>\n\n\n\n<p>Capitanich destac\u00f3 que para lograr concretar las asignaturas pendientes se trabajar\u00e1 en tres grandes ejes de acci\u00f3n. En lo que comprende a vivienda, &#8220;planificamos 649 barrios para 50.000 t\u00edtulos de propiedad urbana. <strong>Eso significa tu propiedad, lo cual conlleva una inversi\u00f3n de casi 600 mil millones de pesos&#8221;.&nbsp;<\/strong><\/p>\n\n\n\n<p>&#8220;Planeamos 20 viviendas, es decir, la construcci\u00f3n de cinco mil por a\u00f1o y eso se debe a que tenemos dos fuentes de financiamiento, p\u00fablico y privado y<strong> por ultimo, 200 nuevos empleos formales derivados de la cadena de valor de la econom\u00eda productiva<\/strong>&#8220;, sigui\u00f3 detallando a este medio.&nbsp;<\/p>\n\n\n\n<figure class=\"wp-block-image\"><img decoding=\"async\" src=\"https:\/\/www.diariochaco.com\/content\/bucket\/6\/585156w790h526c.jpg.webp\" alt=\"\"\/><figcaption class=\"wp-element-caption\">Jorge Capitanich con Diario Chaco<\/figcaption><\/figure>\n\n\n\n<p>Sobre este punto, el l\u00edder del Frente Chaque\u00f1o habl\u00f3 de los dem\u00e1s candidatos: &#8220;Muchas de estas cuestiones ya se est\u00e1n elaborando y lo que nos diferencia de nuestros oponentes es que nosotros podemos demostrar experiencia y capacidad de Gobierno,<strong> nuestros oponentes no&#8221;.&nbsp;<\/strong><\/p>\n\n\n\n<h2 class=\"wp-block-heading\"><strong>&nbsp;PASO NACIONALES&nbsp;<\/strong><\/h2>\n\n\n\n<p>El actual Gobernador chaque\u00f1o se refiri\u00f3 durante la entrevista los resultados obtenidos en las PASO nacionales, ya que Chaco fue una de las pocas provincias del pa\u00eds en donde el frente de<strong> Sergio Massa<\/strong> logr\u00f3 un triunfo. <strong>&#8220;El voto nuestro es un voto consolidado<\/strong> y gran parte del voto del Milei copa el conglomerado de Juntos por el Cambio, que es un voto heterog\u00e9neo&#8221;.&nbsp;<\/p>\n\n\n\n<p>&#8220;Nosotros creemos, en base a an\u00e1lisis pol\u00edticos, que tenemos un voto m\u00e1s homog\u00e9neo y ellos tienen un voto m\u00e1s heterog\u00e9neo, <strong>algo mas circunstancial en car\u00e1cter de ciertos par\u00e1metros de incertidumbre.<\/strong> Pueden mutar esos votos de unas Primarias a unas generales&#8221;, expres\u00f3 Capitanich.&nbsp;<\/p>\n\n\n\n<p>En relaci\u00f3n al famoso &#8220;voto hartazgo&#8221;, Capitanich desarroll\u00f3 que &#8220;por supuesto que existe una insatisfacci\u00f3n democr\u00e1tica, es algo que vengo planteando y existen tres condicionantes severos en lo que corresponde a la gobernabilidad, tanto a nivel provincia como a nivel pa\u00eds&#8221;. &#8220;El primero es la insatisfacci\u00f3n democr\u00e1tica, <strong>el segundo es el cambio clim\u00e1tico<\/strong> que agrega m\u00e1s incertidumbre y el tercer lo ocupa lo ocupan las desigualdades sociales, son muchos escenarios que ineludiblemente impactan&#8221;, continu\u00f3.&nbsp;<\/p>\n\n\n\n<h2 class=\"wp-block-heading\"><strong>CR\u00cdTICICAS Y SITUACI\u00d3N ACTUAL DE LA PROVINCIA&nbsp;<\/strong><\/h2>\n\n\n\n<p>Otro de los ejes sobre los que el funcionario fue consultado es respecto a los pedidos y reclamos de los ciudadanos. En este marco, Capitanich habl\u00f3 sobre la diferencia de poderes y el accionar de la gesti\u00f3n de <strong>Gustavo Mart\u00ednez.&nbsp;<\/strong><\/p>\n\n\n\n<p>&#8220;En los cientos de reuniones que he compartido con vecinos de Resistencia, todos los reclamos fueron por ripio, alumbrado p\u00fablico y pavimento.<strong> \u00bfSon cuestiones de incumbencia provincial? No<\/strong>, son municipal, pero tenemos que hacernos cargo por la falta de acci\u00f3n directa del estado municipal&#8221;, afirm\u00f3.&nbsp;<\/p>\n\n\n\n<figure class=\"wp-block-image\"><img decoding=\"async\" src=\"https:\/\/www.diariochaco.com\/content\/bucket\/5\/585155w790h526c.jpg.webp\" alt=\"\"\/><figcaption class=\"wp-element-caption\">Jorge Capitanich con Diario Chaco<\/figcaption><\/figure>\n\n\n\n<p><strong>&#8220;Los opositores siempre se encargar de agredirnos verbalmente,<\/strong> pero eso para un hombre experimentado como yo, lo tomo de quien viene. Ellos hablan de caos y anarqu\u00eda, pero la verdad es que el mejor ordenador son las finanzas p\u00fablicas y esta provincia una familia chaque\u00f1a sabe muy bien que puede llevar su hijo a la escuela y la escuela est\u00e1 abierta, y el docente est\u00e1 ense\u00f1ando y el alumno est\u00e1 aprendiendo, por lo cual ellos pueden ir tranquilos a trabajar. Eso se da porque hay un Estado que paga en tiempo y forma, <strong>que cumple con la cl\u00e1usula gatillo y tiene estabilidad y garant\u00eda laborales<\/strong>&#8220;, manifest\u00f3 a <strong>Diario Chaco.&nbsp;<\/strong><\/p>\n\n\n\n<p>Por otra parte, el actual presidente del PJ Chaque\u00f1o se refiri\u00f3 a la relaci\u00f3n pol\u00edtica con el intendente de Resistencia. &#8220;El pertenece a otro partido pol\u00edtico, puede tener cierta simpat\u00eda con el peronismo, pero aplica otros m\u00e9todos y otras pol\u00edticas. Tengo di\u00e1logo con todos los dirigentes pol\u00edticos siempre, eso es fundamental, pero la verdad <strong>es que si hubieran participado en unas elecciones primarias no hubiesen tenido minor\u00eda, esa es la verdad<\/strong>&#8220;.&nbsp;<\/p>\n\n\n\n<p>&#8220;Lo cierto es que responden a una estrega pol\u00edtica de autonom\u00eda pol\u00edtica<strong> y a su vez de complicidad con la oposici\u00f3n.<\/strong> Si hay alguien que conduce un municipio y no se presenta a la reelecci\u00f3n de ese municipio, algo pasa&#8221;, opin\u00f3 Capitanich.&nbsp;<\/p>\n\n\n\n<h2 class=\"wp-block-heading\"><strong>&#8220;NO FUIMOS FUNDADORES DE LOS MOVIENTOS SOCIALES&#8221;&nbsp;<\/strong><\/h2>\n\n\n\n<p>&#8220;Nosotros no fuimos fundadores de los movimientos sociales, cuando gobernaban los opositores la provincia del Chaco estaba tomada, la ciudad de Resistencia sitiada y me llamaban a mi como senador <strong>para que intervenga en la mediaci\u00f3n para solucionar los conflictos sociales&#8221;<\/strong>, inici\u00f3 el Gobernador respecto a las cr\u00edticas por parte de los sectores de la oposici\u00f3n.&nbsp;<\/p>\n\n\n\n<p>En relaci\u00f3n a este apartado, expres\u00f3: &#8220;Una sociedad que tiene problemas de exclusi\u00f3n social y de desigualdad requiere herramientas por parte del Estado, asimismo resalt\u00f3 que &#8220;todo el tiempo hemos cumplido con nuestra responsabilidad social de transformar los planes sociales en trabajo&#8221;.&nbsp;<\/p>\n\n\n\n<figure class=\"wp-block-image\"><img decoding=\"async\" src=\"https:\/\/www.diariochaco.com\/content\/bucket\/9\/585159w790h526c.jpg.webp\" alt=\"\"\/><figcaption class=\"wp-element-caption\">Jorge Capitanich con Diario Chaco<\/figcaption><\/figure>\n\n\n\n<p>&#8220;Si queremos hablar en serio, nuestros oponentes y de lo mucho que mienten respecto a este tema. Nosotros tenemos que administrar las pensiones sociales en el r\u00e9gimen de transparencia existente, pero tambi\u00e9n<strong> debe haber un comportamiento de fiscales por si existe alguna irregularidad<\/strong>&#8220;, cerr\u00f3 Capitanich.&nbsp;<\/p>\n\n\n\n<h2 class=\"wp-block-heading\"><strong>CASO CECILIA: &#8220;ES ABERRANTE VINCULAR A UNA GESTI\u00d3N PROVINCIAL CON UN HECHO TAN ABERRANTE&#8221;<\/strong><\/h2>\n\n\n\n<p>El caso de la joven chaque\u00f1a de 28 a\u00f1os en el que se investiga su desaparici\u00f3n seguida de muerte conmocion\u00f3 a la provincia y todo un pa\u00eds. Adem\u00e1s del atroz suceso, que los principales involucrados sean reconocidos dirigentes piqueros de Resistencia gener\u00f3 una pol\u00e9mica a\u00fan m\u00e1s resonante. La actual gesti\u00f3n de Capitanich qued\u00f3 salpicada por lo acontecido y en este punto el Gobernador habl\u00f3 una vez m\u00e1s del tema<strong> y lo trat\u00f3 de &#8220;aberrante&#8221;.&nbsp;<\/strong><\/p>\n\n\n\n<p>&#8220;Es un hecho de car\u00e1cter aberrante el vincular a una gesti\u00f3n provincial con lo sucedido. Nosotros tenemos 28.000 denuncias de violencia de g\u00e9nero en la provincia del Chaco. El femicidio es un hecho donde una pareja mata a la otra entonces,<strong> lo que hemos observado es un hecho macabro en donde se pretendi\u00f3 todo el tiempo vincular a la gesti\u00f3n de Gobierno<\/strong>&#8220;, empez\u00f3.&nbsp;<\/p>\n\n\n\n<p>&#8220;Los fiscales actuaron con autonom\u00eda, todos los supuestos autores est\u00e1n presos y a su vez nosotros somos querellantes particulares de la causa y generamos todo el tiempo el impedimento de comunicaci\u00f3n y dureza desde el punto de vista de la aplicaci\u00f3n de la ley&#8221;, espet\u00f3 sobre el accionar judicial.&nbsp;<\/p>\n\n\n\n<p>Asimismo, asegur\u00f3: &#8220;Las operaciones de prensa fueron una campa\u00f1a sistem\u00e1tica pero la verdad es que siempre vamos a estar del lado de la v\u00edctima y un hecho como este requiere que se aplique todo el peso de la ley. <strong>Es algo que est\u00e1 resuelto dentro del campo de la justicia. Me doli\u00f3 y me sigue doliendo, como todos los casos de femicidios&#8221;.&nbsp;<\/strong><\/p>\n\n\n\n<h2 class=\"wp-block-heading\"><strong>&#8220;TENEMOS CAPACIDAD PARA GOBERNAR&#8221;<\/strong><\/h2>\n\n\n\n<p>Para finalizar la extensa charla, quien encabeza la <strong>Lista 652 del Frente Chaque\u00f1o,<\/strong> sostuvo que el mayor desaf\u00edo que tienen por delante es &#8220;generar las condiciones para terminar todo lo que empezamos en todas las dimensiones posibles&#8221;.&nbsp;<\/p>\n\n\n\n<p>&#8220;A la provincia de Chaco la tiene que gobernar alguien que tenga experiencia, capacidad y demostraci\u00f3n probada de que lo puede hacer,<strong> nosotros estamos probados<\/strong> y lo que prometimos, cumplimos. Lo que vamos a comprometer ahora, lo vamos a cumplir&#8221;, <strong>finaliz\u00f3 Jorge Capitanich para Diario Chaco.&nbsp;<\/strong><\/p>\n","protected":false},"excerpt":{"rendered":"<p>El Gobernador de la provincia y candidato del Frente Chaque\u00f1o habl\u00f3 previo a las elecciones del 17 de septiembre donde va en busca de revertir&hellip; <\/p>\n","protected":false},"author":2,"featured_media":3464,"comment_status":"open","ping_status":"open","sticky":false,"template":"","format":"standard","meta":{"footnotes":""},"categories":[9,2],"tags":[],"class_list":["post-3463","post","type-post","status-publish","format-standard","has-post-thumbnail","hentry","category-destacadas","category-provinciales"],"_links":{"self":[{"href":"https:\/\/lametro989.com\/index.php?rest_route=\/wp\/v2\/posts\/3463","targetHints":{"allow":["GET"]}}],"collection":[{"href":"https:\/\/lametro989.com\/index.php?rest_route=\/wp\/v2\/posts"}],"about":[{"href":"https:\/\/lametro989.com\/index.php?rest_route=\/wp\/v2\/types\/post"}],"author":[{"embeddable":true,"href":"https:\/\/lametro989.com\/index.php?rest_route=\/wp\/v2\/users\/2"}],"replies":[{"embeddable":true,"href":"https:\/\/lametro989.com\/index.php?rest_route=%2Fwp%2Fv2%2Fcomments&post=3463"}],"version-history":[{"count":1,"href":"https:\/\/lametro989.com\/index.php?rest_route=\/wp\/v2\/posts\/3463\/revisions"}],"predecessor-version":[{"id":3465,"href":"https:\/\/lametro989.com\/index.php?rest_route=\/wp\/v2\/posts\/3463\/revisions\/3465"}],"wp:featuredmedia":[{"embeddable":true,"href":"https:\/\/lametro989.com\/index.php?rest_route=\/wp\/v2\/media\/3464"}],"wp:attachment":[{"href":"https:\/\/lametro989.com\/index.php?rest_route=%2Fwp%2Fv2%2Fmedia&parent=3463"}],"wp:term":[{"taxonomy":"category","embeddable":true,"href":"https:\/\/lametro989.com\/index.php?rest_route=%2Fwp%2Fv2%2Fcategories&post=3463"},{"taxonomy":"post_tag","embeddable":true,"href":"https:\/\/lametro989.com\/index.php?rest_route=%2Fwp%2Fv2%2Ftags&post=3463"}],"curies":[{"name":"wp","href":"https:\/\/api.w.org\/{rel}","templated":true}]}}