{"id":3475,"date":"2023-09-11T21:41:03","date_gmt":"2023-09-12T00:41:03","guid":{"rendered":"https:\/\/lametro989.com\/?p=3475"},"modified":"2023-09-11T21:41:03","modified_gmt":"2023-09-12T00:41:03","slug":"mas-de-200-economistas-revelan-cuales-son-los-peligros-del-plan-de-dolarizacion-de-milei","status":"publish","type":"post","link":"https:\/\/lametro989.com\/?p=3475","title":{"rendered":"M\u00e1s de 200 economistas revelan cu\u00e1les son los peligros del plan de dolarizaci\u00f3n de Milei"},"content":{"rendered":"\n<p>En un cr\u00edtico documento, que sigue recibiendo adhesiones a medidas que transcurren los d\u00edas, calificaron la propuesta como &#8220;un falso atajo&#8221;, &#8220;un espejismo&#8221; y una &#8220;alquimia monetaria&#8221; que desembocar\u00eda en un &#8220;incremento absurdo de la deuda p\u00fablica&#8221; y &#8220;un estallido (hiper) inflacionario&#8221;. La opini\u00f3n de Hern\u00e1n Lacunza, Mario Rapoport y Daniel Marx.<\/p>\n\n\n\n<figure class=\"wp-block-image size-large\"><img loading=\"lazy\" decoding=\"async\" width=\"1024\" height=\"576\" src=\"https:\/\/lametro989.com\/wp-content\/uploads\/2023\/09\/imagen-115-1024x576.png\" alt=\"\" class=\"wp-image-3476\" srcset=\"https:\/\/lametro989.com\/wp-content\/uploads\/2023\/09\/imagen-115-1024x576.png 1024w, https:\/\/lametro989.com\/wp-content\/uploads\/2023\/09\/imagen-115-300x169.png 300w, https:\/\/lametro989.com\/wp-content\/uploads\/2023\/09\/imagen-115-768x432.png 768w, https:\/\/lametro989.com\/wp-content\/uploads\/2023\/09\/imagen-115.png 1200w\" sizes=\"auto, (max-width: 1024px) 100vw, 1024px\" \/><\/figure>\n\n\n\n<p>Los economistas de distintas corrientes acad\u00e9micas y pol\u00edticas que firmaron un texto en contra de la dolarizaci\u00f3n como soluci\u00f3n para la Argentina explicaron este lunes algunas de las razones t\u00e9cnicas que los llevaron a adherir al <strong>documento que ya supera las 200 adhesiones.<\/strong><\/p>\n\n\n\n<p>&#8220;Pocas veces la historia podr\u00e1 ser testigo de la incertidumbre que se vive hoy en la Argentina acerca del rumbo econ\u00f3mico que tomar\u00e1 el pa\u00eds en apenas tres meses, con el recambio presidencial&#8221;, analizaron los economistas firmantes sobre la actual coyuntura electoral.<\/p>\n\n\n\n<p>&#8220;Y pocas veces, si es que alguna vez lo hicieron, se recuerda haber juntado a economistas del Gobierno y la oposici\u00f3n, y autodenominados independientes en una causa com\u00fan al ver que la amenaza del espanto se encuentra a la vuelta de la esquina: la posibilidad de que Javier Milei, el candidato m\u00e1s votado en las elecciones primarias pueda alcanzar la Presidencia y aplique como receta a la crisis una dolarizaci\u00f3n, lo cual ser\u00eda <strong>&#8220;un falso atajo que s\u00f3lo nos conduzca a una nueva y m\u00e1s dram\u00e1tica frustraci\u00f3n&#8221;<\/strong>, advierten los economistas.<\/p>\n\n\n\n<p>Pese a que muchos de los firmantes del texto que afirma que <strong>&#8220;la dolarizaci\u00f3n es un espejismo&#8221;<\/strong> participaron de cargos p\u00fablicos en el pasado, en distintos gobiernos del espectro pol\u00edtico, y otros hist\u00f3ricamente eligieron el camino independiente, todos buscaron dejar en claro que en la iniciativa no prim\u00f3 un tema pol\u00edtico sino m\u00e1s bien la convicci\u00f3n de que la dolarizaci\u00f3n puede ser una seria amenaza para los argentinos.<\/p>\n\n\n\n<figure class=\"wp-block-image\"><a href=\"javascript:void(0);\"><img decoding=\"async\" src=\"https:\/\/www.telam.com.ar\/thumbs\/bluesteel\/advf\/imagenes\/2022\/06\/629f7392c7007_1200.jpg\" alt=\"Hernn Lacunza Foto Gustavo Amarelle\"\/><\/a><figcaption class=\"wp-element-caption\">Hern\u00e1n Lacunza. Foto: Gustavo Amarelle<\/figcaption><\/figure>\n\n\n\n<p>&#8220;La firm\u00e9 porque estaba de acuerdo con lo que advert\u00eda&#8221;, indic\u00f3 a T\u00e9lam <strong>Hern\u00e1n Lacunza<\/strong>, ex ministro de Econom\u00eda de la Naci\u00f3n y de la Provincia de Buenos Aires del gobierno de Cambiemos, y ex gerente del Banco Central de la Rep\u00fablica Argentina, quien adem\u00e1s asegur\u00f3 que &#8220;la dolarizaci\u00f3n es inviable; no va a ocurrir voluntariamente&#8221;.<\/p>\n\n\n\n<p>Por su parte, el economista <strong>Daniel Marx<\/strong>, expres\u00f3 a T\u00e9lam que &#8220;esto no es algo personal sino que toma referencia la experiencia en otros pa\u00edses; se\u00f1alar que no por el hecho de dolarizar sea la soluci\u00f3n a los problemas econ\u00f3micos que enfrenta la Argentina; la soluci\u00f3n es muy compleja y hay que atender varios frentes&#8221;, sostuvo.<\/p>\n\n\n\n<p>Y a\u00fan as\u00ed, &#8220;si esto se atiende, la dolarizaci\u00f3n no es la solucion de fondo, y podr\u00eda dar a rigideces que podrian hacer la vida cotidiana m\u00e1s dificil en la Argentina&#8221;, consider\u00f3 Marx, quien en su haber ostenta haber sido director del Banco Central durante la presidencia de Ra\u00fal Alfons\u00edn, representante financiero y ex jefe Negociador de la deuda externa argentina del Plan Brady, con Carlos Menem, y secretario de Finanzas del Ministerio de Econom\u00eda durante 1999 y 2001, bajo la conducci\u00f3n de Domingo Cavallo.<\/p>\n\n\n\n<p>En tanto, el economista y prestigioso historiador de la facultad de Ciencias Econ\u00f3micas de la UBA, <strong>Mario Rapoport<\/strong>, uno de los que sum\u00f3 su firma al documento, expres\u00f3 que &#8220;la dolarizaci\u00f3n no le conviene al pa\u00eds porque la pol\u00edtica cambiaria es fundamental, porque la moneda tiene que ver con la productividad&#8221;.<\/p>\n\n\n\n<figure class=\"wp-block-image\"><a href=\"javascript:void(0);\"><img decoding=\"async\" src=\"https:\/\/www.telam.com.ar\/thumbs\/bluesteel\/advf\/imagenes\/2023\/09\/64fcdc589d6da_1200.jpg\" alt=\"Mario Rapoport Foto Luciana Granovsky archivo\"\/><\/a><figcaption class=\"wp-element-caption\">Mario Rapoport. Foto: Luciana Granovsky, archivo.<\/figcaption><\/figure>\n\n\n\n<p>Por ejemplo, se explaya Rapoport, &#8220;qu\u00e9 le puede importar al Tesoro de Estados Unidos cu\u00e1nto produce Argentina para llevar adelante una pol\u00edtica antic\u00edclica. Si hoy Estados Unidos sube las tasas de inter\u00e9s y nosotros estamos dolarizados, nuestra econom\u00eda se vuelve pur\u00e9, una nueva fijaci\u00f3n de tipo de cambio va a provocar deflaci\u00f3n y una profundizaci\u00f3n de la crisis&#8221;, concluy\u00f3 el especialista.<\/p>\n\n\n\n<p>&#8220;Quienes firmamos este documento -profesores e investigadores de Econom\u00eda en diversas universidades p\u00fablicas y privadas del pa\u00eds y del extranjero, economistas del sector privado, especialistas y hacedores de pol\u00edticas p\u00fablicas- consideramos que un intento de dolarizaci\u00f3n formal ser\u00eda una desacertada iniciativa de pol\u00edtica para hacer frente a los complejos desaf\u00edos con que debe lidiar la econom\u00eda argentina&#8221;, advierte el texto.<\/p>\n\n\n\n<p>La carta tuvo repercusi\u00f3n no s\u00f3lo por su contenido, sino porque logr\u00f3 juntar, adem\u00e1s de los arriba mencionados, a firmas de especialistas con pensamiento tan opuesto como las de <strong>Miguel Angel Broda, Ricardo Delgado, Diego Bossio, Pablo Gerchunoff, Gustavo Ca\u00f1onero, Javier Gonz\u00e1lez Fraga, Mart\u00edn Rapetti, Miguel Kiguel, Jos\u00e9 Lus Machinea, Eduardo Levi Yeyati, Andr\u00e9s Borenstein, Marina dal Poggetto, Jos\u00e9 Maria Fanelli, Mart\u00edn Rapetti,Federico Poli, Diego Petrecolla, Guillermo Rozenwurcel, Luis Secco, Paula Szenkman,y Lorenzo Sigaut,<\/strong> entre much\u00edsimos otras firmas reconocidas.<\/p>\n\n\n\n<figure class=\"wp-block-image\"><a href=\"javascript:void(0);\"><img decoding=\"async\" src=\"https:\/\/www.telam.com.ar\/thumbs\/bluesteel\/advf\/imagenes\/2018\/01\/5a689a932dff2_1200.jpg\" alt=\"Daniel Marx Foto archivo\"\/><\/a><figcaption class=\"wp-element-caption\">Daniel Marx. Foto: archivo<\/figcaption><\/figure>\n\n\n\n<p>En cuanto a los aspectos t\u00e9cnicos, los economistas expresaron que &#8220;hay, en primer lugar, <strong>obst\u00e1culos pr\u00e1cticamente insalvables<\/strong> para su adopci\u00f3n: carecemos de los d\u00f3lares necesarios para rescatar la base monetaria y ofrecer un respaldo razonable a los dep\u00f3sitos bancarios (que, aun as\u00ed, quedar\u00edan sin un prestamista de \u00faltima instancia en caso de episodios de stress financiero).<\/p>\n\n\n\n<p>Y continuaron, &#8220;las propuestas existentes para reparar esta escasez de divisas suponen <strong>incrementos absurdos de la deuda p\u00fablica<\/strong> que comprometer\u00edan a\u00fan m\u00e1s la percepci\u00f3n de insostenibilidad de las finanzas gubernamentales, la \u00fanica alternativa, entonces, ser\u00eda dolarizar a un tipo de cambio tan elevado que provocar\u00eda una espiralizaci\u00f3n adicional de la inflaci\u00f3n como consecuencia del colapso de la demanda real de dinero que presumiblemente gatillar\u00eda el solo anuncio de avanzar en esa direcci\u00f3n&#8221;.<\/p>\n\n\n\n<p><strong>&#8220;Provocar un estallido (hiper) inflacionario no parece un comienzo muy auspicioso para estabilizar la econom\u00eda&#8221;<\/strong>, sentenciaron.<\/p>\n\n\n\n<figure class=\"wp-block-image\"><a href=\"javascript:void(0);\"><img decoding=\"async\" src=\"https:\/\/www.telam.com.ar\/thumbs\/bluesteel\/advf\/imagenes\/2023\/09\/64f608498ed5a_1200.jpg\" alt=\"Foto Osvaldo Fanton\"\/><\/a><figcaption class=\"wp-element-caption\">Foto: Osvaldo Fanton<\/figcaption><\/figure>\n\n\n\n<p>Asimismo, del lado fiscal, &#8220;debe sumarse el hecho de que las <strong>alquimias monetarias<\/strong> no son sustituto adecuado de un firme compromiso con el equilibrio intertemporal de las cuentas p\u00fablicas&#8221;, como, seg\u00fan enumeraron, ocurri\u00f3 en las experiencias pasadas en el pa\u00eds, y tambi\u00e9n en Ecuador, que no pudo evitar el default, o los problemas fiscales de casos m\u00e1s recientes como en El Salvador.<\/p>\n\n\n\n<p>Por \u00faltimo, &#8220;aunque no menos importante, cabe considerar que la dolarizaci\u00f3n formal de una econom\u00eda <strong>es muy dif\u00edcilmente reversible por sus elevados costos de salida<\/strong>&#8230; que pueden ser un caldo de cultivo para &#8220;la <strong>proliferaci\u00f3n an\u00e1rquica de cuasimonedas<\/strong> para responder a una crisis de iliquidez se llevar\u00eda consigo todo resto de credibilidad del r\u00e9gimen&#8221;, expresaron.<\/p>\n\n\n\n<p>Y culminaron: &#8220;No permitamos que, por miop\u00eda y desesperaci\u00f3n, la dif\u00edcil situaci\u00f3n en que nos encontramos nos lleve a tomar un <strong>falso atajo<\/strong> que s\u00f3lo nos conduzca a una nueva y m\u00e1s dram\u00e1tica frustraci\u00f3n&#8221;, concluy\u00f3 la carta de los economistas argentinos que adhirieron, y cuyo n\u00famero sigue creciendo.<\/p>\n","protected":false},"excerpt":{"rendered":"<p>En un cr\u00edtico documento, que sigue recibiendo adhesiones a medidas que transcurren los d\u00edas, calificaron la propuesta como &#8220;un falso atajo&#8221;, &#8220;un espejismo&#8221; y una&hellip; <\/p>\n","protected":false},"author":2,"featured_media":3476,"comment_status":"open","ping_status":"open","sticky":false,"template":"","format":"standard","meta":{"footnotes":""},"categories":[9,5],"tags":[],"class_list":["post-3475","post","type-post","status-publish","format-standard","has-post-thumbnail","hentry","category-destacadas","category-politica"],"_links":{"self":[{"href":"https:\/\/lametro989.com\/index.php?rest_route=\/wp\/v2\/posts\/3475","targetHints":{"allow":["GET"]}}],"collection":[{"href":"https:\/\/lametro989.com\/index.php?rest_route=\/wp\/v2\/posts"}],"about":[{"href":"https:\/\/lametro989.com\/index.php?rest_route=\/wp\/v2\/types\/post"}],"author":[{"embeddable":true,"href":"https:\/\/lametro989.com\/index.php?rest_route=\/wp\/v2\/users\/2"}],"replies":[{"embeddable":true,"href":"https:\/\/lametro989.com\/index.php?rest_route=%2Fwp%2Fv2%2Fcomments&post=3475"}],"version-history":[{"count":1,"href":"https:\/\/lametro989.com\/index.php?rest_route=\/wp\/v2\/posts\/3475\/revisions"}],"predecessor-version":[{"id":3477,"href":"https:\/\/lametro989.com\/index.php?rest_route=\/wp\/v2\/posts\/3475\/revisions\/3477"}],"wp:featuredmedia":[{"embeddable":true,"href":"https:\/\/lametro989.com\/index.php?rest_route=\/wp\/v2\/media\/3476"}],"wp:attachment":[{"href":"https:\/\/lametro989.com\/index.php?rest_route=%2Fwp%2Fv2%2Fmedia&parent=3475"}],"wp:term":[{"taxonomy":"category","embeddable":true,"href":"https:\/\/lametro989.com\/index.php?rest_route=%2Fwp%2Fv2%2Fcategories&post=3475"},{"taxonomy":"post_tag","embeddable":true,"href":"https:\/\/lametro989.com\/index.php?rest_route=%2Fwp%2Fv2%2Ftags&post=3475"}],"curies":[{"name":"wp","href":"https:\/\/api.w.org\/{rel}","templated":true}]}}