{"id":3483,"date":"2023-09-12T19:43:11","date_gmt":"2023-09-12T22:43:11","guid":{"rendered":"https:\/\/lametro989.com\/?p=3483"},"modified":"2023-09-12T19:43:19","modified_gmt":"2023-09-12T22:43:19","slug":"en-pampa-del-infierno-iniciaron-las-obras-de-la-tercera-planta-de-energia-solar-mas-importante-del-pais","status":"publish","type":"post","link":"https:\/\/lametro989.com\/?p=3483","title":{"rendered":"En Pampa del Infierno, iniciaron las obras de la tercera planta de energ\u00eda solar m\u00e1s importante del pa\u00eds"},"content":{"rendered":"\n<p>Se trata de unos 220.000 paneles solares que generar\u00e1n hasta 150 megavatios de potencia. La planta estar\u00e1 conectada a la Estaci\u00f3n Transformadora local y en un futuro proveer\u00e1 energ\u00eda a Resistencia, Formosa e incluso al NOA.<\/p>\n\n\n\n\n\n<p>El gobernador Jorge Capitanich supervis\u00f3 este martes el inicio de la obra de una mega planta de energ\u00eda solar en Pampa del Infierno. \u201cEsto implicar\u00e1 un nivel de desarrollo sumamente relevante para la regi\u00f3n\u201d, asegur\u00f3 el mandatario, ya que generar\u00e1 320 puestos de trabajo local.<\/p>\n\n\n\n<p>Con una inversi\u00f3n de USD 130 millones ser\u00e1 el tercer parque solar m\u00e1s grande del pa\u00eds en una extensi\u00f3n de 320 hect\u00e1reas y m\u00e1s de 220.000 paneles, que generar\u00e1n hasta 150 megavatios de potencia energ\u00e9tica y m\u00e1s de 295.000 megawatts\/hora al a\u00f1o.&nbsp;En su pico m\u00e1ximo de producci\u00f3n permitir\u00e1 abastecer a 310 mil hogares de Chaco y del pa\u00eds, generando a su vez una reducci\u00f3n de di\u00f3xido de carbono de casi 145 mil toneladas anuales.<\/p>\n\n\n\n<p>Capitanich en su recorrida, junto al director de Energ\u00eda Las Lomas, Ricardo Bernengo, destac\u00f3 el trabajo del ministro de Econom\u00eda de la Naci\u00f3n, Sergio Massa, por el dise\u00f1o de la planificaci\u00f3n y la mega obra.&nbsp;\u201cEn un futuro \u2013indic\u00f3 Capitanich- se duplicar\u00e1 la capacidad instalada, lo que incrementar\u00e1 la oferta con otros emprendimientos en localidades como Charata, S\u00e1enz Pe\u00f1a, Villa \u00c1ngela y Presidencia Roca que generar\u00e1 una oferta de 350 megavatios en general con una gran inversi\u00f3n\u201d.<\/p>\n\n\n\n<p>Bernengo puso en valor la obra que inici\u00f3 hoy con el arribo de los primeros 40 camiones que transportan los equipos, de un total de 800 que llegar\u00e1n. La planta se conectar\u00e1 a una estaci\u00f3n transformadora en Pampa del Infierno para alimentar a Resistencia, Formosa y al NOA. \u201cEs un proyecto muy grande; este parque permitir\u00e1 generar m\u00e1s independencia en la redistribuci\u00f3n\u201d, asegur\u00f3.<\/p>\n\n\n\n<h3 class=\"wp-block-heading\">Estadio del Club Social y Deportivo Comercio<\/h3>\n\n\n\n<p>Aprovechando su visita, Capitanich recorri\u00f3 la obra del estadio que se realiza en el Club Social y Deportivo Comercio de Pampa del Infierno. Ser\u00e1 apto para disciplinas como b\u00e1squet, v\u00f3ley y handball y tendr\u00e1 una capacidad de 3.020 personas sentadas.<\/p>\n\n\n\n<p>La obra tiene un avance del 70% y es financiada por Loter\u00eda Chaque\u00f1a que aport\u00f3 la suma de $3,2 millones para la colocaci\u00f3n de una cubierta, as\u00ed como el cerramiento lateral y la instalaci\u00f3n de un piso deportivo sobre este gimnasio de 65 por 48 metros. Actualmente restan la construcci\u00f3n de los vestuarios, tanto local como visitante y el sector de bufet.<\/p>\n\n\n\n<p>Jorge Brugnoli, presidente del club, coment\u00f3 que si bien la instituci\u00f3n deportiva se fund\u00f3 hace nueve a\u00f1os, ya cuenta con varias disciplinas como boxeo, v\u00f3ley, gimnasia deportiva, beach v\u00f3ley entra otros, y eso se debe al impulso llevado adelante por la Provincia en los \u00faltimos a\u00f1os. \u201cEs un espacio de contenci\u00f3n social no solo para la localidad sino para toda la regi\u00f3n\u201d, sostuvo.<\/p>\n","protected":false},"excerpt":{"rendered":"<p>Se trata de unos 220.000 paneles solares que generar\u00e1n hasta 150 megavatios de potencia. La planta estar\u00e1 conectada a la Estaci\u00f3n Transformadora local y en&hellip; <\/p>\n","protected":false},"author":2,"featured_media":3485,"comment_status":"open","ping_status":"open","sticky":false,"template":"","format":"standard","meta":{"footnotes":""},"categories":[9,2],"tags":[],"class_list":["post-3483","post","type-post","status-publish","format-standard","has-post-thumbnail","hentry","category-destacadas","category-provinciales"],"_links":{"self":[{"href":"https:\/\/lametro989.com\/index.php?rest_route=\/wp\/v2\/posts\/3483","targetHints":{"allow":["GET"]}}],"collection":[{"href":"https:\/\/lametro989.com\/index.php?rest_route=\/wp\/v2\/posts"}],"about":[{"href":"https:\/\/lametro989.com\/index.php?rest_route=\/wp\/v2\/types\/post"}],"author":[{"embeddable":true,"href":"https:\/\/lametro989.com\/index.php?rest_route=\/wp\/v2\/users\/2"}],"replies":[{"embeddable":true,"href":"https:\/\/lametro989.com\/index.php?rest_route=%2Fwp%2Fv2%2Fcomments&post=3483"}],"version-history":[{"count":2,"href":"https:\/\/lametro989.com\/index.php?rest_route=\/wp\/v2\/posts\/3483\/revisions"}],"predecessor-version":[{"id":3489,"href":"https:\/\/lametro989.com\/index.php?rest_route=\/wp\/v2\/posts\/3483\/revisions\/3489"}],"wp:featuredmedia":[{"embeddable":true,"href":"https:\/\/lametro989.com\/index.php?rest_route=\/wp\/v2\/media\/3485"}],"wp:attachment":[{"href":"https:\/\/lametro989.com\/index.php?rest_route=%2Fwp%2Fv2%2Fmedia&parent=3483"}],"wp:term":[{"taxonomy":"category","embeddable":true,"href":"https:\/\/lametro989.com\/index.php?rest_route=%2Fwp%2Fv2%2Fcategories&post=3483"},{"taxonomy":"post_tag","embeddable":true,"href":"https:\/\/lametro989.com\/index.php?rest_route=%2Fwp%2Fv2%2Ftags&post=3483"}],"curies":[{"name":"wp","href":"https:\/\/api.w.org\/{rel}","templated":true}]}}