{"id":3490,"date":"2023-09-12T19:55:16","date_gmt":"2023-09-12T22:55:16","guid":{"rendered":"https:\/\/lametro989.com\/?p=3490"},"modified":"2023-09-12T19:55:16","modified_gmt":"2023-09-12T22:55:16","slug":"san-luis-un-adolescente-de-15-anos-apunalo-a-su-companero-de-clase-antes-de-entrar-al-colegio","status":"publish","type":"post","link":"https:\/\/lametro989.com\/?p=3490","title":{"rendered":"San Luis: un adolescente de 15 a\u00f1os apu\u00f1al\u00f3 a su compa\u00f1ero de clase antes de entrar al colegio"},"content":{"rendered":"\n<p>Un adolescente apu\u00f1al\u00f3 dos veces a su compa\u00f1ero de clase este martes justo antes de entrar a la escuela en la capital de San Luis. La v\u00edctima est\u00e1 fuera de peligro pero sigue internada en el Hospital &#8220;Ram\u00f3n Carrillo&#8221;. Fuentes policiales precisaron que el ataque se produjo a las 8 en la avenida Lafinur, a [\u2026]<\/p>\n\n\n\n<figure class=\"wp-block-image size-full\"><img loading=\"lazy\" decoding=\"async\" width=\"610\" height=\"457\" src=\"https:\/\/lametro989.com\/wp-content\/uploads\/2023\/09\/imagen-121.png\" alt=\"\" class=\"wp-image-3491\" srcset=\"https:\/\/lametro989.com\/wp-content\/uploads\/2023\/09\/imagen-121.png 610w, https:\/\/lametro989.com\/wp-content\/uploads\/2023\/09\/imagen-121-300x225.png 300w\" sizes=\"auto, (max-width: 610px) 100vw, 610px\" \/><\/figure>\n\n\n\n<p>Un <strong>adolescente apu\u00f1al\u00f3 dos veces a su compa\u00f1ero de clase este martes justo antes de entrar a la escuela en la capital de San Luis<\/strong>. La v\u00edctima est\u00e1 fuera de peligro pero sigue internada en el Hospital &#8220;Ram\u00f3n Carrillo&#8221;.<\/p>\n\n\n\n<p>Fuentes policiales precisaron que el ataque se produjo a las 8 en la avenida Lafinur, a metros de Illia, <strong>cuando en medio de una discusi\u00f3n, un joven le provoc\u00f3 dos heridas de arma blanca en el t\u00f3rax a otro, de 15 a\u00f1os, para luego darse a la fuga<\/strong>.<\/p>\n","protected":false},"excerpt":{"rendered":"<p>Un adolescente apu\u00f1al\u00f3 dos veces a su compa\u00f1ero de clase este martes justo antes de entrar a la escuela en la capital de San Luis.&hellip; <\/p>\n","protected":false},"author":2,"featured_media":3491,"comment_status":"open","ping_status":"open","sticky":false,"template":"","format":"standard","meta":{"footnotes":""},"categories":[13],"tags":[],"class_list":["post-3490","post","type-post","status-publish","format-standard","has-post-thumbnail","hentry","category-nacionales"],"_links":{"self":[{"href":"https:\/\/lametro989.com\/index.php?rest_route=\/wp\/v2\/posts\/3490","targetHints":{"allow":["GET"]}}],"collection":[{"href":"https:\/\/lametro989.com\/index.php?rest_route=\/wp\/v2\/posts"}],"about":[{"href":"https:\/\/lametro989.com\/index.php?rest_route=\/wp\/v2\/types\/post"}],"author":[{"embeddable":true,"href":"https:\/\/lametro989.com\/index.php?rest_route=\/wp\/v2\/users\/2"}],"replies":[{"embeddable":true,"href":"https:\/\/lametro989.com\/index.php?rest_route=%2Fwp%2Fv2%2Fcomments&post=3490"}],"version-history":[{"count":1,"href":"https:\/\/lametro989.com\/index.php?rest_route=\/wp\/v2\/posts\/3490\/revisions"}],"predecessor-version":[{"id":3492,"href":"https:\/\/lametro989.com\/index.php?rest_route=\/wp\/v2\/posts\/3490\/revisions\/3492"}],"wp:featuredmedia":[{"embeddable":true,"href":"https:\/\/lametro989.com\/index.php?rest_route=\/wp\/v2\/media\/3491"}],"wp:attachment":[{"href":"https:\/\/lametro989.com\/index.php?rest_route=%2Fwp%2Fv2%2Fmedia&parent=3490"}],"wp:term":[{"taxonomy":"category","embeddable":true,"href":"https:\/\/lametro989.com\/index.php?rest_route=%2Fwp%2Fv2%2Fcategories&post=3490"},{"taxonomy":"post_tag","embeddable":true,"href":"https:\/\/lametro989.com\/index.php?rest_route=%2Fwp%2Fv2%2Ftags&post=3490"}],"curies":[{"name":"wp","href":"https:\/\/api.w.org\/{rel}","templated":true}]}}