{"id":3532,"date":"2023-09-13T21:34:48","date_gmt":"2023-09-14T00:34:48","guid":{"rendered":"https:\/\/lametro989.com\/?p=3532"},"modified":"2023-09-13T21:34:48","modified_gmt":"2023-09-14T00:34:48","slug":"patricia-bullrich-no-viene-al-chaco-para-no-descontar-a-leandro-zdero","status":"publish","type":"post","link":"https:\/\/lametro989.com\/?p=3532","title":{"rendered":"Patricia Bullrich no viene al Chaco, &#8220;para no descontar&#8221; a Leandro Zdero"},"content":{"rendered":"\n<p>As\u00ed lo confirmaron, fuentes de primera mano de la candidata de \u201cJuntos para el Cambio\u201d quienes informaron a nuestra producci\u00f3n period\u00edstica\u00a0 que, al igual que en Santa Fe, la ex Ministra de Mauricio Macri no estar\u00e1 presente en el cierre de campa\u00f1a de Leandro Zdero, este jueves, en el microcentro de Resistencia, donde si confirmaron su presencia el gobernador de Corrientes Gustavo Vald\u00e9s y el gobernador electo de Santa Fe \u201cMaxi\u201d Pullaro, genuinos representantes de la centenaria Uni\u00f3n C\u00edvica Radical.\u00a0 \u00a0<\/p>\n\n\n\n<figure class=\"wp-block-image size-full\"><img loading=\"lazy\" decoding=\"async\" width=\"600\" height=\"346\" src=\"https:\/\/lametro989.com\/wp-content\/uploads\/2023\/09\/imagen-134.png\" alt=\"\" class=\"wp-image-3533\" srcset=\"https:\/\/lametro989.com\/wp-content\/uploads\/2023\/09\/imagen-134.png 600w, https:\/\/lametro989.com\/wp-content\/uploads\/2023\/09\/imagen-134-300x173.png 300w\" sizes=\"auto, (max-width: 600px) 100vw, 600px\" \/><\/figure>\n\n\n\n<p>Patricia Bullrich finalmente no llegar\u00e1 a Resistencia para acompa\u00f1ar a Leandro Zdero en su cierre de campa\u00f1a programada para este jueves. Las \u00faltimas encuestas realizadas en Chaco, Formosa, Santiago del Estero, Misiones y Corrientes, y a nivel nacional, fueron muy negativas para la candidata de &#8220;Juntos por el Cambio&#8221;, que ya no cuenta ni con el apoyo del ex presidente Mauricio Macri, que despu\u00e9s de destruir el frente con expectativa presidencial, volc\u00f3 todo su respaldo al economista libertario Javier Milei.<\/p>\n\n\n\n<p>La ca\u00edda de sus n\u00fameros en las encuestas provocaron que la candidata Bullrich decida no venir a la provincia del Chaco,&nbsp; para no descontar de los n\u00fameros optimistas que tiene la Uni\u00f3n C\u00edvica Radical de la provincia, liderada por el arquitecto Leandro Zdero.&nbsp;<\/p>\n\n\n\n<p>Cabe destacar que Leandro, logr\u00f3 relanzar pr\u00e1cticamente desde las cenizas, a un partido opacado por \u201cun club de amigos que decid\u00edan todo en cuatro paredes\u201d. Por lo que&nbsp; hoy est\u00e1 reconstruyendo no solo la base partidaria, sino tambi\u00e9n su camino a la victoria, con n\u00fameros m\u00e1s que auspiciosos.&nbsp;<\/p>\n\n\n\n<p>Los recientes sondeos electorales, a diferencia de Bullrich, a 48 hs del cierre de campa\u00f1a, ponen a Zdero en una \u201csegunda vuelta\u201d con total seguridad. Aunque desde el seno de JxC, provincial y nacional, conf\u00edan en una proyecci\u00f3n que tambi\u00e9n puede dar una sorpresa y quiz\u00e1s terminar la contienda electoral en un solo paso. Claro, que la \u00faltima palabra la tiene el pueblo.<\/p>\n\n\n\n<p>Pero, lo cierto es que el arquitecto recibido en la UNNE, punt\u00faa muy bien en toda la provincia y adelantan contundentes triunfos en Resistencia y Saenz Pe\u00f1a, las dos principales ciudades que representan el 60 por ciento del electorado chaque\u00f1o, con muy buenas elecciones tambi\u00e9n en el sudoeste chaque\u00f1o, sobre todo en Las Bre\u00f1as, Charata, General Pinedo, Villa Angela, Santa Sylvina y Coronel Du Graty.<\/p>\n\n\n\n<p>Con este sprint final tan auspicioso para el candidato de la Uni\u00f3n C\u00edvica Radical del Chaco, en contraposici\u00f3n a la baja intenci\u00f3n de voto y el aumento de la imagen negativa de Patricia Bullrich, la candidata se vio obligada a suspender su presencia en Chaco para este jueves al mediod\u00eda. &#8220;Porque si no se puede sumar, lo mejor es no restar\u201d, explic\u00f3 ella a su jefe de campa\u00f1a, quien si le sugiri\u00f3 venir el domingo por la noche a Resistencia, en caso de una potencial victoria, repitiendo lo hecho en Rosario, Santa Fe, el pasado fin de semana.<\/p>\n","protected":false},"excerpt":{"rendered":"<p>As\u00ed lo confirmaron, fuentes de primera mano de la candidata de \u201cJuntos para el Cambio\u201d quienes informaron a nuestra producci\u00f3n period\u00edstica\u00a0 que, al igual que&hellip; <\/p>\n","protected":false},"author":2,"featured_media":3533,"comment_status":"open","ping_status":"open","sticky":false,"template":"","format":"standard","meta":{"footnotes":""},"categories":[9,2],"tags":[],"class_list":["post-3532","post","type-post","status-publish","format-standard","has-post-thumbnail","hentry","category-destacadas","category-provinciales"],"_links":{"self":[{"href":"https:\/\/lametro989.com\/index.php?rest_route=\/wp\/v2\/posts\/3532","targetHints":{"allow":["GET"]}}],"collection":[{"href":"https:\/\/lametro989.com\/index.php?rest_route=\/wp\/v2\/posts"}],"about":[{"href":"https:\/\/lametro989.com\/index.php?rest_route=\/wp\/v2\/types\/post"}],"author":[{"embeddable":true,"href":"https:\/\/lametro989.com\/index.php?rest_route=\/wp\/v2\/users\/2"}],"replies":[{"embeddable":true,"href":"https:\/\/lametro989.com\/index.php?rest_route=%2Fwp%2Fv2%2Fcomments&post=3532"}],"version-history":[{"count":1,"href":"https:\/\/lametro989.com\/index.php?rest_route=\/wp\/v2\/posts\/3532\/revisions"}],"predecessor-version":[{"id":3534,"href":"https:\/\/lametro989.com\/index.php?rest_route=\/wp\/v2\/posts\/3532\/revisions\/3534"}],"wp:featuredmedia":[{"embeddable":true,"href":"https:\/\/lametro989.com\/index.php?rest_route=\/wp\/v2\/media\/3533"}],"wp:attachment":[{"href":"https:\/\/lametro989.com\/index.php?rest_route=%2Fwp%2Fv2%2Fmedia&parent=3532"}],"wp:term":[{"taxonomy":"category","embeddable":true,"href":"https:\/\/lametro989.com\/index.php?rest_route=%2Fwp%2Fv2%2Fcategories&post=3532"},{"taxonomy":"post_tag","embeddable":true,"href":"https:\/\/lametro989.com\/index.php?rest_route=%2Fwp%2Fv2%2Ftags&post=3532"}],"curies":[{"name":"wp","href":"https:\/\/api.w.org\/{rel}","templated":true}]}}