{"id":3535,"date":"2023-09-13T21:37:18","date_gmt":"2023-09-14T00:37:18","guid":{"rendered":"https:\/\/lametro989.com\/?p=3535"},"modified":"2023-09-13T22:13:08","modified_gmt":"2023-09-14T01:13:08","slug":"en-la-camara-de-diputados-de-paraguay-tratan-de-peajero-a-alberto-y-de-bravucon-al-embajador-peppo","status":"publish","type":"post","link":"https:\/\/lametro989.com\/?p=3535","title":{"rendered":"En la C\u00e1mara de Diputados de Paraguay tratan de &#8220;peajero&#8221; a Alberto y de &#8220;bravuc\u00f3n&#8221; al embajador Peppo"},"content":{"rendered":"\n<p>Los diputados Rub\u00e9n Rubin (Hagamos) y Walter Harms (ANR-HC) repudiaron las expresiones del embajador argentino en nuestro pa\u00eds, Domingo Peppo, quien dijo que \u201cParaguay se pas\u00f3 de la raya\u201d, refiri\u00e9ndose al retiro del 50% de la energ\u00eda que le corresponde a nuestro pa\u00eds de Yacyret\u00e1. Adem\u00e1s, trataron de l\u00edder \u201cpeajero\u201d al presidente argentino, Alberto Fern\u00e1ndez, y de \u201cbravuc\u00f3n\u201d a Peppo.\u00a0<\/p>\n\n\n\n<figure class=\"wp-block-image size-full\"><img loading=\"lazy\" decoding=\"async\" width=\"600\" height=\"450\" src=\"https:\/\/lametro989.com\/wp-content\/uploads\/2023\/09\/imagen-135.png\" alt=\"\" class=\"wp-image-3536\" srcset=\"https:\/\/lametro989.com\/wp-content\/uploads\/2023\/09\/imagen-135.png 600w, https:\/\/lametro989.com\/wp-content\/uploads\/2023\/09\/imagen-135-300x225.png 300w\" sizes=\"auto, (max-width: 600px) 100vw, 600px\" \/><\/figure>\n\n\n\n<p>El diputado Rub\u00e9n Rubin trat\u00f3 al Presidente de la Argentina, Alberto Fern\u00e1ndez, l\u00edder de los \u201cpeajeros\u201d por cobrar un peaje a las barcazas con banderas paraguayas que transitan por la hidrov\u00eda Paraguay- Paran\u00e1 y agreg\u00f3 que la tensi\u00f3n del momento no es con el pueblo argentino sino con un pu\u00f1ado de pol\u00edticos que ya est\u00e1n de salida en el vecino pa\u00eds.<\/p>\n\n\n\n<p>\u201cLa tensi\u00f3n no es del pueblo paraguayo con el pueblo argentino, la tensi\u00f3n es con el pueblo paraguayo y un pu\u00f1ado de peajeros, liderados por el Presidente Alberto Fern\u00e1ndez. Hay que aclarar por qu\u00e9 en un microclima se puede agravar la situaci\u00f3n. Hoy d\u00eda Paraguay es el refugio de muchos argentinos que decidieron escapar de \u00e9ste pu\u00f1ado de peajeros que est\u00e1n destruyendo la Argentina. Aplaudo las medidas que est\u00e1 tomando el gobierno paraguayo. La regi\u00f3n entera entiende la situaci\u00f3n, y lamento que un grupo de pol\u00edticos que est\u00e1n de salida est\u00e9n ensuciando el buen nombre de Argentina\u201d, dijo el diputado Rub\u00e9n Rub\u00edn (Hagamos) durante la sesi\u00f3n ordinaria.<\/p>\n\n\n\n<p>Por otro lado, pidi\u00f3 paciencia al sector privado, porque esta situaci\u00f3n va a continuar y agreg\u00f3 que est\u00e1n trabajando para hacer respetar los derechos de Paraguay sin achicarse.<\/p>\n\n\n\n<h2 class=\"wp-block-heading\">Embajador es un bravuc\u00f3n<\/h2>\n\n\n\n<p>Por su lado, el diputado cartista trat\u00f3 de \u201cbravuc\u00f3n\u201d al embajador argentino en Asunci\u00f3n, Domingo Peppo, por criticar las decisiones que tom\u00f3 el Paraguay de retirar la energ\u00eda que le corresponde en la Entidad Binacional Yacyret\u00e1.<\/p>\n\n\n\n<p>\u201cLa Rep\u00fablica del Paraguay con el Presidente Santiago Pe\u00f1a enfrent\u00f3 una situaci\u00f3n de&nbsp;Argentina pague sus deudas cuando quiera, las deudas deben ser honradas en tiempo y forma y la decisi\u00f3n de retirar la energ\u00eda que nos corresponde es un acto de soberan\u00eda del Paraguay\u201d, dijo el diputado cartista.<\/p>\n\n\n\n<p>Manifest\u00f3 su repudio y trat\u00f3 de \u201cbravuc\u00f3n\u201d al embajador Domingo Peppo por decir que \u201cParaguay se pas\u00f3 de la raya\u201d.<\/p>\n\n\n\n<p>\u201cRepudio y considero desacertadas las expresiones del embajador. Lo que dijo el se\u00f1or Peppo es una bravuconada y si considera que el Paraguay tom\u00f3 una posici\u00f3n casi hostil en nuestras relaciones bilaterales debe mirar todas las acciones y reacciones. La Rep\u00fablica del Paraguay defiende sus altos intereses como naci\u00f3n soberana e independiente y usted como representante diplom\u00e1tico deber\u00eda estar a la altura de ese cargo que ostenta y no tener un discurso de pol\u00edtico o de barricada\u201d, asegur\u00f3 el diputado cartista.&nbsp;<\/p>\n","protected":false},"excerpt":{"rendered":"<p>Los diputados Rub\u00e9n Rubin (Hagamos) y Walter Harms (ANR-HC) repudiaron las expresiones del embajador argentino en nuestro pa\u00eds, Domingo Peppo, quien dijo que \u201cParaguay se&hellip; <\/p>\n","protected":false},"author":2,"featured_media":3536,"comment_status":"open","ping_status":"open","sticky":false,"template":"","format":"standard","meta":{"footnotes":""},"categories":[9,5],"tags":[],"class_list":["post-3535","post","type-post","status-publish","format-standard","has-post-thumbnail","hentry","category-destacadas","category-politica"],"_links":{"self":[{"href":"https:\/\/lametro989.com\/index.php?rest_route=\/wp\/v2\/posts\/3535","targetHints":{"allow":["GET"]}}],"collection":[{"href":"https:\/\/lametro989.com\/index.php?rest_route=\/wp\/v2\/posts"}],"about":[{"href":"https:\/\/lametro989.com\/index.php?rest_route=\/wp\/v2\/types\/post"}],"author":[{"embeddable":true,"href":"https:\/\/lametro989.com\/index.php?rest_route=\/wp\/v2\/users\/2"}],"replies":[{"embeddable":true,"href":"https:\/\/lametro989.com\/index.php?rest_route=%2Fwp%2Fv2%2Fcomments&post=3535"}],"version-history":[{"count":1,"href":"https:\/\/lametro989.com\/index.php?rest_route=\/wp\/v2\/posts\/3535\/revisions"}],"predecessor-version":[{"id":3537,"href":"https:\/\/lametro989.com\/index.php?rest_route=\/wp\/v2\/posts\/3535\/revisions\/3537"}],"wp:featuredmedia":[{"embeddable":true,"href":"https:\/\/lametro989.com\/index.php?rest_route=\/wp\/v2\/media\/3536"}],"wp:attachment":[{"href":"https:\/\/lametro989.com\/index.php?rest_route=%2Fwp%2Fv2%2Fmedia&parent=3535"}],"wp:term":[{"taxonomy":"category","embeddable":true,"href":"https:\/\/lametro989.com\/index.php?rest_route=%2Fwp%2Fv2%2Fcategories&post=3535"},{"taxonomy":"post_tag","embeddable":true,"href":"https:\/\/lametro989.com\/index.php?rest_route=%2Fwp%2Fv2%2Ftags&post=3535"}],"curies":[{"name":"wp","href":"https:\/\/api.w.org\/{rel}","templated":true}]}}