{"id":3538,"date":"2023-09-13T21:45:47","date_gmt":"2023-09-14T00:45:47","guid":{"rendered":"https:\/\/lametro989.com\/?p=3538"},"modified":"2023-09-13T21:45:47","modified_gmt":"2023-09-14T00:45:47","slug":"zona-sur-de-resistencia-un-hombre-fue-herido-de-dos-balazos-en-un-intento-de-robo","status":"publish","type":"post","link":"https:\/\/lametro989.com\/?p=3538","title":{"rendered":"Zona sur de Resistencia : un hombre fue herido de dos balazos en un intento de robo"},"content":{"rendered":"\n<p>Un presunto hecho de inseguridad se registr\u00f3 en avenida San Mart\u00edn y calle Fort\u00edn Los Pozos, en la jurisdicci\u00f3n de la comisar\u00eda S\u00e9ptima, cuando un hombre fue abordado por sujetos armados y lo hirieron en sus piernas    <\/p>\n\n\n\n<figure class=\"wp-block-image size-full\"><img loading=\"lazy\" decoding=\"async\" width=\"275\" height=\"183\" src=\"https:\/\/lametro989.com\/wp-content\/uploads\/2023\/09\/imagen-136.png\" alt=\"\" class=\"wp-image-3539\"\/><\/figure>\n\n\n\n<p>De acuerdo a la declaraci\u00f3n brindada por la v\u00edctima, el ataque fue en avenida San Mart\u00edn y calle Fort\u00edn Los Pozos, cerca de las 4 de la madrugad.<\/p>\n\n\n\n<p>Fuentes policiales precisaron a este medio que se trata de <strong>An\u00edbal Mat\u00edas Barreto Wuerfil<\/strong> de 38 a\u00f1os, quien sufri\u00f3 dos heridas de arma de fuego en un aparente intento de robo. <\/p>\n\n\n\n<p>El hombre se dirigi\u00f3 por sus propios medios hasta el Hospital Perrando, donde se le diagnostic\u00f3 &#8220;herida de arma de fuego en ambos miembros inferiores, con orificios de entrada y salida&#8221;.<\/p>\n\n\n\n<p>En el hecho intervino la comisar\u00eda S\u00e9ptima, y el herido no quiso radicar la denuncia.<\/p>\n","protected":false},"excerpt":{"rendered":"<p>Un presunto hecho de inseguridad se registr\u00f3 en avenida San Mart\u00edn y calle Fort\u00edn Los Pozos, en la jurisdicci\u00f3n de la comisar\u00eda S\u00e9ptima, cuando un&hellip; <\/p>\n","protected":false},"author":2,"featured_media":3539,"comment_status":"open","ping_status":"open","sticky":false,"template":"","format":"standard","meta":{"footnotes":""},"categories":[9,2],"tags":[],"class_list":["post-3538","post","type-post","status-publish","format-standard","has-post-thumbnail","hentry","category-destacadas","category-provinciales"],"_links":{"self":[{"href":"https:\/\/lametro989.com\/index.php?rest_route=\/wp\/v2\/posts\/3538","targetHints":{"allow":["GET"]}}],"collection":[{"href":"https:\/\/lametro989.com\/index.php?rest_route=\/wp\/v2\/posts"}],"about":[{"href":"https:\/\/lametro989.com\/index.php?rest_route=\/wp\/v2\/types\/post"}],"author":[{"embeddable":true,"href":"https:\/\/lametro989.com\/index.php?rest_route=\/wp\/v2\/users\/2"}],"replies":[{"embeddable":true,"href":"https:\/\/lametro989.com\/index.php?rest_route=%2Fwp%2Fv2%2Fcomments&post=3538"}],"version-history":[{"count":1,"href":"https:\/\/lametro989.com\/index.php?rest_route=\/wp\/v2\/posts\/3538\/revisions"}],"predecessor-version":[{"id":3540,"href":"https:\/\/lametro989.com\/index.php?rest_route=\/wp\/v2\/posts\/3538\/revisions\/3540"}],"wp:featuredmedia":[{"embeddable":true,"href":"https:\/\/lametro989.com\/index.php?rest_route=\/wp\/v2\/media\/3539"}],"wp:attachment":[{"href":"https:\/\/lametro989.com\/index.php?rest_route=%2Fwp%2Fv2%2Fmedia&parent=3538"}],"wp:term":[{"taxonomy":"category","embeddable":true,"href":"https:\/\/lametro989.com\/index.php?rest_route=%2Fwp%2Fv2%2Fcategories&post=3538"},{"taxonomy":"post_tag","embeddable":true,"href":"https:\/\/lametro989.com\/index.php?rest_route=%2Fwp%2Fv2%2Ftags&post=3538"}],"curies":[{"name":"wp","href":"https:\/\/api.w.org\/{rel}","templated":true}]}}