{"id":3541,"date":"2023-09-13T21:48:39","date_gmt":"2023-09-14T00:48:39","guid":{"rendered":"https:\/\/lametro989.com\/?p=3541"},"modified":"2023-09-13T21:48:39","modified_gmt":"2023-09-14T00:48:39","slug":"inflacion-de-agosto-cuales-fueron-los-alimentos-que-mas-aumentaron","status":"publish","type":"post","link":"https:\/\/lametro989.com\/?p=3541","title":{"rendered":"Inflaci\u00f3n de agosto: cu\u00e1les fueron los alimentos que m\u00e1s aumentaron"},"content":{"rendered":"\n<p>El rubro Alimentos y bebidas no alcoh\u00f3licas fue el que m\u00e1s subi\u00f3: 15,6%. La inflaci\u00f3n lleg\u00f3 al 12,4%.<\/p>\n\n\n\n<figure class=\"wp-block-image size-full\"><img loading=\"lazy\" decoding=\"async\" width=\"610\" height=\"381\" src=\"https:\/\/lametro989.com\/wp-content\/uploads\/2023\/09\/imagen-137.png\" alt=\"\" class=\"wp-image-3542\" srcset=\"https:\/\/lametro989.com\/wp-content\/uploads\/2023\/09\/imagen-137.png 610w, https:\/\/lametro989.com\/wp-content\/uploads\/2023\/09\/imagen-137-300x187.png 300w\" sizes=\"auto, (max-width: 610px) 100vw, 610px\" \/><\/figure>\n\n\n\n<p>El<strong> Instituto Nacional de Estad\u00edstica y Censos (Indec)<\/strong> public\u00f3 este mi\u00e9rcoles el \u00cdndice de Precios al Consumidor (IPC) de agosto, que se ubic\u00f3 en un 12,4%, producto de la devaluaci\u00f3n del 22% del peso argentino; y el rubro que m\u00e1s incremento tuvo fue <strong>Alimentos y bebidas no alcoh\u00f3licas<\/strong> con 15,6%.<\/p>\n\n\n\n<p>En el rubro alimentos, lo que m\u00e1s aument\u00f3 fueron los cortes de carne: picada com\u00fan, paleta, cuadril, nalga y asado. Las verduras, que tambi\u00e9n tuvieron una fuerte alza, fueron: tomate redondo y papa.<div class=\"row\"><div class=\"col-12 col-md-12 col-lg-8\"><section class=\"detail-body\"><section class=\"body-content note-body content-protected-false\"><h2>Los alimentos que m\u00e1s aumentaron<\/h2><p>En agosto, el kilo de la picada de carne com\u00fan <strong>cost\u00f3 $1.702, 55, mientras que en julio val\u00eda $1.221,66<\/strong>,  por lo que la variaci\u00f3n fue del 39,4%. Luego, los cortes vacunos que  m\u00e1s subieron fueron paleta (de $1.855,76 a $2.487,86), cuadril (de  $2.260,91 a $3.014,67), nalga ($2.412,07 a $3.204,08), y asado  ($1.866,51 a $2.470,95).<\/p><p>En cuanto a las verduras, <strong>el kilo de tomate redondo tuvo un precio promedio en agosto de 709,89 pesos<\/strong>,  cuando un mes antes registr\u00f3 $538,55. Por lo tal, el incremento lleg\u00f3  al 31,8%. Luego, aparece el kilogramo de papa, que se estableci\u00f3 en  539,83 pesos, luego de costar $420,69 en julio.<\/p><\/section><\/section><\/div><\/div>  <\/p>\n","protected":false},"excerpt":{"rendered":"<p>El rubro Alimentos y bebidas no alcoh\u00f3licas fue el que m\u00e1s subi\u00f3: 15,6%. La inflaci\u00f3n lleg\u00f3 al 12,4%. El Instituto Nacional de Estad\u00edstica y Censos&hellip; <\/p>\n","protected":false},"author":2,"featured_media":3542,"comment_status":"open","ping_status":"open","sticky":false,"template":"","format":"standard","meta":{"footnotes":""},"categories":[13],"tags":[],"class_list":["post-3541","post","type-post","status-publish","format-standard","has-post-thumbnail","hentry","category-nacionales"],"_links":{"self":[{"href":"https:\/\/lametro989.com\/index.php?rest_route=\/wp\/v2\/posts\/3541","targetHints":{"allow":["GET"]}}],"collection":[{"href":"https:\/\/lametro989.com\/index.php?rest_route=\/wp\/v2\/posts"}],"about":[{"href":"https:\/\/lametro989.com\/index.php?rest_route=\/wp\/v2\/types\/post"}],"author":[{"embeddable":true,"href":"https:\/\/lametro989.com\/index.php?rest_route=\/wp\/v2\/users\/2"}],"replies":[{"embeddable":true,"href":"https:\/\/lametro989.com\/index.php?rest_route=%2Fwp%2Fv2%2Fcomments&post=3541"}],"version-history":[{"count":1,"href":"https:\/\/lametro989.com\/index.php?rest_route=\/wp\/v2\/posts\/3541\/revisions"}],"predecessor-version":[{"id":3543,"href":"https:\/\/lametro989.com\/index.php?rest_route=\/wp\/v2\/posts\/3541\/revisions\/3543"}],"wp:featuredmedia":[{"embeddable":true,"href":"https:\/\/lametro989.com\/index.php?rest_route=\/wp\/v2\/media\/3542"}],"wp:attachment":[{"href":"https:\/\/lametro989.com\/index.php?rest_route=%2Fwp%2Fv2%2Fmedia&parent=3541"}],"wp:term":[{"taxonomy":"category","embeddable":true,"href":"https:\/\/lametro989.com\/index.php?rest_route=%2Fwp%2Fv2%2Fcategories&post=3541"},{"taxonomy":"post_tag","embeddable":true,"href":"https:\/\/lametro989.com\/index.php?rest_route=%2Fwp%2Fv2%2Ftags&post=3541"}],"curies":[{"name":"wp","href":"https:\/\/api.w.org\/{rel}","templated":true}]}}