{"id":3544,"date":"2023-09-13T21:51:00","date_gmt":"2023-09-14T00:51:00","guid":{"rendered":"https:\/\/lametro989.com\/?p=3544"},"modified":"2023-09-13T21:51:00","modified_gmt":"2023-09-14T00:51:00","slug":"indec-informo-que-la-inflacion-de-agosto-fue-de-124-la-mas-alta-en-32-anos","status":"publish","type":"post","link":"https:\/\/lametro989.com\/?p=3544","title":{"rendered":"INDEC inform\u00f3 que la inflaci\u00f3n de agosto fue de 12,4%: la m\u00e1s alta en 32 a\u00f1os"},"content":{"rendered":"\n<p>Tras la devaluaci\u00f3n posterior a las PASO, la cifra se dispar\u00f3 ocasionando un fuerte golpe al bolsillo. Todos los datos en la nota.<\/p>\n\n\n\n<figure class=\"wp-block-image size-full\"><img loading=\"lazy\" decoding=\"async\" width=\"610\" height=\"374\" src=\"https:\/\/lametro989.com\/wp-content\/uploads\/2023\/09\/imagen-138.png\" alt=\"\" class=\"wp-image-3545\" srcset=\"https:\/\/lametro989.com\/wp-content\/uploads\/2023\/09\/imagen-138.png 610w, https:\/\/lametro989.com\/wp-content\/uploads\/2023\/09\/imagen-138-300x184.png 300w\" sizes=\"auto, (max-width: 610px) 100vw, 610px\" \/><\/figure>\n\n\n\n<p>Luego del impacto devaluatorio post elecciones primarias, el <strong>Instituto Nacional de Estad\u00edstica y Censos (Indec) <\/strong>inform\u00f3 que el aumento en el <strong>\u00cdndice de Precios al Consumidor (IPC) fue de 12,4% en agosto<\/strong>, el doble que en julio y la m\u00e1s alta de los \u00faltimos 32 a\u00f1os.<\/p>\n\n\n\n<p>La cifra se conoci\u00f3 este mi\u00e9rcoles y, de esta manera, qued\u00f3 establecido que el costo de vida acumulado a lo largo de los ocho meses de 2023 es de 80,2% y la interanual se ubica en 124,4%.<\/p>\n\n\n\n<p>Se trata de la inflaci\u00f3n m\u00e1s alta desde febrero de 1991, cuando el \u00edndice dio un 27%, antes de la implementaci\u00f3n de la Convertibilidad. La \u00faltima vez que el INDEC registr\u00f3 una cifra de dos d\u00edgitos fue en abril de 2002 cuando el aumento de los precios alcanz\u00f3 un 10,4% como consecuencia de la crisis de 2001.<\/p>\n\n\n\n<h2 class=\"wp-block-heading\">INFLACI\u00d3N DE AGOSTO: LOS RUBROS M\u00c1S AFECTADOS<\/h2>\n\n\n\n<p>El rubro de mayor aumento en el mes fue <strong>Alimentos y bebidas no alcoh\u00f3licas (15,6%)<\/strong>, producto de la suba en <strong>Carnes y derivados y Verduras, tub\u00e9rculos y legumbres<\/strong>. Le siguieron <em>Salud (15,3%)<\/em> \u2013principalmente por los aumentos en medicamentos\u2013 y <strong>Equipamiento y mantenimiento del hogar (14,1%)<\/strong>.<\/p>\n\n\n\n<p><strong>Restaurantes y hoteles aumentaron un 12.4%<\/strong>, <strong>Recreaci\u00f3n y cultura un 11,6%<\/strong>, <strong>Transporte un 10,5%<\/strong>, <strong>Bienes y servicios varios un 9,4<\/strong>, <strong>Prendas de vestir y calzado un 9,1%<\/strong>, <strong>Vivienda, agua, electricidad, gas y otros combustibles un 9,1%<\/strong>.<\/p>\n\n\n\n<p>Las tres divisiones que registraron las menores variaciones en agosto fueron <strong>Educaci\u00f3n, (8,7%) Comunicaci\u00f3n (4,5%) y Bebidas alcoh\u00f3licas y tabaco (8,5%)<\/strong>.<\/p>\n","protected":false},"excerpt":{"rendered":"<p>Tras la devaluaci\u00f3n posterior a las PASO, la cifra se dispar\u00f3 ocasionando un fuerte golpe al bolsillo. Todos los datos en la nota. Luego del&hellip; <\/p>\n","protected":false},"author":2,"featured_media":3545,"comment_status":"open","ping_status":"open","sticky":false,"template":"","format":"standard","meta":{"footnotes":""},"categories":[5],"tags":[],"class_list":["post-3544","post","type-post","status-publish","format-standard","has-post-thumbnail","hentry","category-politica"],"_links":{"self":[{"href":"https:\/\/lametro989.com\/index.php?rest_route=\/wp\/v2\/posts\/3544","targetHints":{"allow":["GET"]}}],"collection":[{"href":"https:\/\/lametro989.com\/index.php?rest_route=\/wp\/v2\/posts"}],"about":[{"href":"https:\/\/lametro989.com\/index.php?rest_route=\/wp\/v2\/types\/post"}],"author":[{"embeddable":true,"href":"https:\/\/lametro989.com\/index.php?rest_route=\/wp\/v2\/users\/2"}],"replies":[{"embeddable":true,"href":"https:\/\/lametro989.com\/index.php?rest_route=%2Fwp%2Fv2%2Fcomments&post=3544"}],"version-history":[{"count":1,"href":"https:\/\/lametro989.com\/index.php?rest_route=\/wp\/v2\/posts\/3544\/revisions"}],"predecessor-version":[{"id":3546,"href":"https:\/\/lametro989.com\/index.php?rest_route=\/wp\/v2\/posts\/3544\/revisions\/3546"}],"wp:featuredmedia":[{"embeddable":true,"href":"https:\/\/lametro989.com\/index.php?rest_route=\/wp\/v2\/media\/3545"}],"wp:attachment":[{"href":"https:\/\/lametro989.com\/index.php?rest_route=%2Fwp%2Fv2%2Fmedia&parent=3544"}],"wp:term":[{"taxonomy":"category","embeddable":true,"href":"https:\/\/lametro989.com\/index.php?rest_route=%2Fwp%2Fv2%2Fcategories&post=3544"},{"taxonomy":"post_tag","embeddable":true,"href":"https:\/\/lametro989.com\/index.php?rest_route=%2Fwp%2Fv2%2Ftags&post=3544"}],"curies":[{"name":"wp","href":"https:\/\/api.w.org\/{rel}","templated":true}]}}