{"id":3547,"date":"2023-09-13T21:53:41","date_gmt":"2023-09-14T00:53:41","guid":{"rendered":"https:\/\/lametro989.com\/?p=3547"},"modified":"2023-09-13T21:53:41","modified_gmt":"2023-09-14T00:53:41","slug":"compre-sin-iva-como-funciona-la-medida-para-bajar-21-los-precios","status":"publish","type":"post","link":"https:\/\/lametro989.com\/?p=3547","title":{"rendered":"Compre sin IVA: c\u00f3mo funciona la medida para bajar 21% los precios"},"content":{"rendered":"\n<p>Sergio Massa anunci\u00f3 que no se cobrar\u00e1 el IVA a jubilados, monotributistas y trabajadores que cobren hasta seis salarios m\u00ednimos. Cu\u00e1l es el tope de reintegro.<\/p>\n\n\n\n<figure class=\"wp-block-image size-full\"><img loading=\"lazy\" decoding=\"async\" width=\"730\" height=\"410\" src=\"https:\/\/lametro989.com\/wp-content\/uploads\/2023\/09\/imagen-139.png\" alt=\"\" class=\"wp-image-3548\" srcset=\"https:\/\/lametro989.com\/wp-content\/uploads\/2023\/09\/imagen-139.png 730w, https:\/\/lametro989.com\/wp-content\/uploads\/2023\/09\/imagen-139-300x168.png 300w\" sizes=\"auto, (max-width: 730px) 100vw, 730px\" \/><\/figure>\n\n\n\n<p>El <strong>ministro de Econom\u00eda, Sergio Massa, anunci\u00f3 este mi\u00e9rcoles que jubilados, monotributistas y trabajadores que perciban hasta seis salarios m\u00ednimos (es decir, $ 708.000) podr\u00e1n hacer consumos sin pagar el Impuesto al Valor Agregado (IVA)<\/strong>, que es del 21% en todos los productos de la Canasta B\u00e1sica. Pero, \u00bfc\u00f3mo funciona la medida?<\/p>\n\n\n\n<p>Para empezar, la persona beneficiada con la medida s\u00ed pagar\u00e1 el precio con el IVA incluido, pero se le devolver\u00e1 hasta un 21 % del valor de las operaciones de compra en productos de la Canasta B\u00e1sica, que es la que comprende alimentos como carne, fruta, verdura, l\u00e1cteos y productos higiene personal.<div class=\"row\"><div class=\"col-12 col-md-12 col-lg-8\"><section class=\"detail-body\"><section class=\"body-content note-body content-protected-false\"><p>El tope para este beneficio ser\u00e1 el equivalente al 21% del costo de  la Casta B\u00e1sica, que a septiembre de 2023 es de $ 111.642 para una  familia tipo, inform\u00f3 \u00c1mbito Financiero. De ese modo, la devoluci\u00f3n del  IVA podr\u00eda llegar a los $ 23.000 mensuales, aunque probablemente eso no  ocurra por motivos legales.<\/p><p>Sergio Massa explic\u00f3 que <a rel=\"follow noopener\" href=\"https:\/\/www.minutouno.com\/economia\/devolucion-del-iva\/sergio-massa-confirmo-el-programa-trabajadores-y-jubilados-n5820258\" target=\"_blank\">cada persona beneficiada con la medida<\/a> &#8220;va a tener a lo largo del mes, o en un solo d\u00eda, o en las distintas compras que realice, <strong>una  devoluci\u00f3n a las 48 horas de realizada la compra con la tarjeta de  d\u00e9bito por hasta $ 18.800 a lo largo del mes, que es lo que nos permite  hoy la legislaci\u00f3n vigente<\/strong>&#8220;.<\/p><h2>La devoluci\u00f3n del IVA aplicar\u00e1 a:<\/h2><ul><li>Trabajadores que cobren seis salarios m\u00ednimos, lo que suma un total de $708.000<\/li><li>Jubilados y pensionados<\/li><li>Monotributistas de todas las categor\u00edas<\/li><li>Beneficiarios de la Asignaci\u00f3n Universal por Hijo (AUH)<\/li><li>Personal de casas particulares<\/li><\/ul><\/section><\/section><\/div><\/div>   <\/p>\n","protected":false},"excerpt":{"rendered":"<p>Sergio Massa anunci\u00f3 que no se cobrar\u00e1 el IVA a jubilados, monotributistas y trabajadores que cobren hasta seis salarios m\u00ednimos. Cu\u00e1l es el tope de&hellip; <\/p>\n","protected":false},"author":2,"featured_media":3548,"comment_status":"open","ping_status":"open","sticky":false,"template":"","format":"standard","meta":{"footnotes":""},"categories":[9,5],"tags":[],"class_list":["post-3547","post","type-post","status-publish","format-standard","has-post-thumbnail","hentry","category-destacadas","category-politica"],"_links":{"self":[{"href":"https:\/\/lametro989.com\/index.php?rest_route=\/wp\/v2\/posts\/3547","targetHints":{"allow":["GET"]}}],"collection":[{"href":"https:\/\/lametro989.com\/index.php?rest_route=\/wp\/v2\/posts"}],"about":[{"href":"https:\/\/lametro989.com\/index.php?rest_route=\/wp\/v2\/types\/post"}],"author":[{"embeddable":true,"href":"https:\/\/lametro989.com\/index.php?rest_route=\/wp\/v2\/users\/2"}],"replies":[{"embeddable":true,"href":"https:\/\/lametro989.com\/index.php?rest_route=%2Fwp%2Fv2%2Fcomments&post=3547"}],"version-history":[{"count":1,"href":"https:\/\/lametro989.com\/index.php?rest_route=\/wp\/v2\/posts\/3547\/revisions"}],"predecessor-version":[{"id":3549,"href":"https:\/\/lametro989.com\/index.php?rest_route=\/wp\/v2\/posts\/3547\/revisions\/3549"}],"wp:featuredmedia":[{"embeddable":true,"href":"https:\/\/lametro989.com\/index.php?rest_route=\/wp\/v2\/media\/3548"}],"wp:attachment":[{"href":"https:\/\/lametro989.com\/index.php?rest_route=%2Fwp%2Fv2%2Fmedia&parent=3547"}],"wp:term":[{"taxonomy":"category","embeddable":true,"href":"https:\/\/lametro989.com\/index.php?rest_route=%2Fwp%2Fv2%2Fcategories&post=3547"},{"taxonomy":"post_tag","embeddable":true,"href":"https:\/\/lametro989.com\/index.php?rest_route=%2Fwp%2Fv2%2Ftags&post=3547"}],"curies":[{"name":"wp","href":"https:\/\/api.w.org\/{rel}","templated":true}]}}