{"id":35568,"date":"2026-01-15T07:43:44","date_gmt":"2026-01-15T10:43:44","guid":{"rendered":"https:\/\/lametro989.com\/?p=35568"},"modified":"2026-01-15T07:43:44","modified_gmt":"2026-01-15T10:43:44","slug":"asesino-a-su-madrastra-y-revelan-un-prontuario-de-terror-que-incluye-la-muerte-de-una-beba-y-una-desaparicion","status":"publish","type":"post","link":"https:\/\/lametro989.com\/?p=35568","title":{"rendered":"Asesin\u00f3 a su madrastra y revelan un prontuario de terror que incluye la muerte de una beba y una desaparici\u00f3n"},"content":{"rendered":"\n<p>Silvia Susana Rodr\u00edguez fue asesinada en Mendoza, y los detenidos en dicha causa son su hijastro y la pareja de \u00e9ste.<\/p>\n\n\n\n<figure class=\"wp-block-image size-full\"><img loading=\"lazy\" decoding=\"async\" width=\"790\" height=\"448\" src=\"https:\/\/lametro989.com\/wp-content\/uploads\/2026\/01\/image-124.png\" alt=\"\" class=\"wp-image-35569\" srcset=\"https:\/\/lametro989.com\/wp-content\/uploads\/2026\/01\/image-124.png 790w, https:\/\/lametro989.com\/wp-content\/uploads\/2026\/01\/image-124-300x170.png 300w, https:\/\/lametro989.com\/wp-content\/uploads\/2026\/01\/image-124-768x436.png 768w\" sizes=\"auto, (max-width: 790px) 100vw, 790px\" \/><\/figure>\n\n\n\n<p>&nbsp;Un hombre que est\u00e1 detenido junto con su pareja tras ser acusado de haber asesinado a su madrastra en la provincia de Mendoza, tiene varios antecedentes y uno de ellos est\u00e1 ligado a la condena que recibi\u00f3 en 2019 por la muerte de su beb\u00e9, de 5 meses, adem\u00e1s de una desaparici\u00f3n.<\/p>\n\n\n\n<p>Este \u00faltimo fin de semana la fiscal Claudia R\u00edos qued\u00f3 a cargo de la investigaci\u00f3n por el hallazgo de una mujer asesinada dentro de su vivienda en la localidad El Challao, en Las Heras. Con el paso de las horas se confirm\u00f3 que la v\u00edctima era Silvia Susana Rodr\u00edguez, de 75 a\u00f1os, y los principales acusados, que quedaron detenidos, son Juan Ram\u00edrez y Noelia Valeria.<\/p>\n\n\n\n<p>Ambos fueron imputados por homicidio criminis causa, es decir, que mataron a Rodr\u00edguez para ocultar otro delito que, para la fiscal, est\u00e1 asociado a un robo, debido a que ambos viv\u00edan junto con la v\u00edctima, confirmaron fuentes del caso.<\/p>\n\n\n\n<p>Desde la fiscal\u00eda aclararon que Ram\u00edrez era conocido de la v\u00edctima ya que se trata del hijo de una ex pareja de la mujer, que ya falleci\u00f3, mientras que, acerca de Valeria, informaron que es la actual pareja del detenido.<\/p>\n\n\n\n<p>Aun as\u00ed, con el paso de las horas trascendi\u00f3 m\u00e1s informaci\u00f3n respecto a Ram\u00edrez y las diversas visitas ante la Justicia en los \u00faltimos a\u00f1os por varios delitos.<\/p>\n\n\n\n<p>En 2019 fue condenado a 3 a\u00f1os de prisi\u00f3n por la muerte de su beb\u00e9 de 5 meses, quien agoniz\u00f3 durante 12 d\u00edas. En aquella ocasi\u00f3n se lo acus\u00f3 del delito de homicidio culposo.<\/p>\n\n\n\n<p>Asimismo, se constat\u00f3 que el hombre hab\u00eda sido pareja de Rita De Cassia, quien fue v\u00edctima de un arrastre en el zanj\u00f3n de Los Ciruelos en diciembre \u00faltimo y todav\u00eda no fue hallada.<\/p>\n\n\n\n<p>En este hecho, la fiscal\u00eda determin\u00f3 que Ram\u00edrez declar\u00f3 en aquella causa como testigo y expres\u00f3 haber mantenido tal v\u00ednculo con la afectada.<\/p>\n\n\n\n<p>A su listado de antecedentes se suma condenas por falso testimonio en junio de 2025, robo simple de febrero de 2024, y hurto simple en grado de tentativa de diciembre de 2023.<\/p>\n","protected":false},"excerpt":{"rendered":"<p>Silvia Susana Rodr\u00edguez fue asesinada en Mendoza, y los detenidos en dicha causa son su hijastro y la pareja de \u00e9ste. &nbsp;Un hombre que est\u00e1&hellip; <\/p>\n","protected":false},"author":2,"featured_media":35569,"comment_status":"open","ping_status":"open","sticky":false,"template":"","format":"standard","meta":{"footnotes":""},"categories":[9,13],"tags":[],"class_list":["post-35568","post","type-post","status-publish","format-standard","has-post-thumbnail","hentry","category-destacadas","category-nacionales"],"_links":{"self":[{"href":"https:\/\/lametro989.com\/index.php?rest_route=\/wp\/v2\/posts\/35568","targetHints":{"allow":["GET"]}}],"collection":[{"href":"https:\/\/lametro989.com\/index.php?rest_route=\/wp\/v2\/posts"}],"about":[{"href":"https:\/\/lametro989.com\/index.php?rest_route=\/wp\/v2\/types\/post"}],"author":[{"embeddable":true,"href":"https:\/\/lametro989.com\/index.php?rest_route=\/wp\/v2\/users\/2"}],"replies":[{"embeddable":true,"href":"https:\/\/lametro989.com\/index.php?rest_route=%2Fwp%2Fv2%2Fcomments&post=35568"}],"version-history":[{"count":1,"href":"https:\/\/lametro989.com\/index.php?rest_route=\/wp\/v2\/posts\/35568\/revisions"}],"predecessor-version":[{"id":35570,"href":"https:\/\/lametro989.com\/index.php?rest_route=\/wp\/v2\/posts\/35568\/revisions\/35570"}],"wp:featuredmedia":[{"embeddable":true,"href":"https:\/\/lametro989.com\/index.php?rest_route=\/wp\/v2\/media\/35569"}],"wp:attachment":[{"href":"https:\/\/lametro989.com\/index.php?rest_route=%2Fwp%2Fv2%2Fmedia&parent=35568"}],"wp:term":[{"taxonomy":"category","embeddable":true,"href":"https:\/\/lametro989.com\/index.php?rest_route=%2Fwp%2Fv2%2Fcategories&post=35568"},{"taxonomy":"post_tag","embeddable":true,"href":"https:\/\/lametro989.com\/index.php?rest_route=%2Fwp%2Fv2%2Ftags&post=35568"}],"curies":[{"name":"wp","href":"https:\/\/api.w.org\/{rel}","templated":true}]}}