{"id":35583,"date":"2026-01-15T08:02:34","date_gmt":"2026-01-15T11:02:34","guid":{"rendered":"https:\/\/lametro989.com\/?p=35583"},"modified":"2026-01-15T08:02:34","modified_gmt":"2026-01-15T11:02:34","slug":"el-gobierno-avanza-con-la-privatizacion-de-aysa-y-prepara-la-salida-del-estado-del-capital-accionario","status":"publish","type":"post","link":"https:\/\/lametro989.com\/?p=35583","title":{"rendered":"El Gobierno avanza con la privatizaci\u00f3n de AySA y prepara la salida del Estado del capital accionario"},"content":{"rendered":"\n<p><em>El Ejecutivo ultima el pliego para transferir el control de AySA al sector privado. La operaci\u00f3n se enmarca en la Ley Bases y marcar\u00e1 uno de los primeros pasos concretos del plan de privatizaciones.<\/em><\/p>\n\n\n\n<figure class=\"wp-block-image size-full\"><img loading=\"lazy\" decoding=\"async\" width=\"850\" height=\"478\" src=\"https:\/\/lametro989.com\/wp-content\/uploads\/2026\/01\/image-129.png\" alt=\"\" class=\"wp-image-35584\" srcset=\"https:\/\/lametro989.com\/wp-content\/uploads\/2026\/01\/image-129.png 850w, https:\/\/lametro989.com\/wp-content\/uploads\/2026\/01\/image-129-300x169.png 300w, https:\/\/lametro989.com\/wp-content\/uploads\/2026\/01\/image-129-768x432.png 768w\" sizes=\"auto, (max-width: 850px) 100vw, 850px\" \/><\/figure>\n\n\n\n<p>El Gobierno nacional se encamina a poner en marcha el&nbsp;<strong>proceso de privatizaci\u00f3n de Agua y Saneamientos Argentinos (AySA)<\/strong>, una de las empresas habilitadas para ese fin tras la sanci\u00f3n de la&nbsp;<strong>Ley Bases.<\/strong>&nbsp;En la Casa Rosada aseguran que el pliego licitatorio est\u00e1 en su etapa final y que su publicaci\u00f3n podr\u00eda concretarse en las pr\u00f3ximas semanas.<\/p>\n\n\n\n<p>Fuentes oficiales se\u00f1alaron que la intenci\u00f3n del Ejecutivo es que, durante el primer trimestre del a\u00f1o, se habilite formalmente la competencia entre privados para quedarse con el paquete accionario mayoritario de la empresa, que actualmente presta servicios de agua potable y cloacas a m\u00e1s de 11 millones de usuarios en el \u00c1rea Metropolitana de Buenos Aires.<\/p>\n\n\n\n<p>El marco legal que habilita la operaci\u00f3n qued\u00f3 establecido con el Decreto 494\/2025, mediante el cual&nbsp;<strong>el Estado nacional autoriz\u00f3 la venta de la totalidad de su participaci\u00f3n, equivalente al 90% del capital social. El 10% restante continuar\u00e1 bajo el esquema de propiedad participada en manos de los trabajadores.<\/strong><\/p>\n\n\n\n<p>Seg\u00fan el esquema que analiza el Ejecutivo, la licitaci\u00f3n contemplar\u00e1 la transferencia de al menos el 51% de las acciones a un operador estrat\u00e9gico que asumir\u00e1 el control operativo de la compa\u00f1\u00eda. El porcentaje no adquirido en esa instancia podr\u00e1 ser ofrecido posteriormente en el mercado, bajo un mecanismo de flotaci\u00f3n abierta.<\/p>\n\n\n\n<p>La operatoria est\u00e1 siendo supervisada por el Ministerio de Econom\u00eda y la Agencia de Transformaci\u00f3n de Empresas P\u00fablicas, que avanzan en las evaluaciones t\u00e9cnicas y legales junto a la Secretar\u00eda de Legal y T\u00e9cnica de la Presidencia. Desde el Gobierno remarcan que podr\u00e1n participar empresas con experiencia comprobable en servicios p\u00fablicos, sin restringir la convocatoria exclusivamente al sector de agua y saneamiento.<\/p>\n\n\n\n<p>En paralelo, el Ejecutivo tambi\u00e9n proyecta avanzar con procesos similares en otras compa\u00f1\u00edas incluidas en la Ley Bases, como Belgrano Cargas y Log\u00edstica, Corredores Viales, Enarsa, Intercargo, Nucleoel\u00e9ctrica, Trenes Argentinos Operaciones y Yacimientos Carbon\u00edferos R\u00edo Turbio.<\/p>\n\n\n\n<p><strong>Como paso previo a la privatizaci\u00f3n, AySA atraves\u00f3 un plan de transici\u00f3n para el per\u00edodo 2024-2026, que incluy\u00f3 inversiones estatales, reordenamiento financiero y una actualizaci\u00f3n del cuadro tarifario.<\/strong>&nbsp;Adem\u00e1s, mediante un nuevo marco regulatorio, se redefinieron las condiciones de funcionamiento de la empresa, incluyendo la posibilidad de interrumpir el servicio ante falta de pago, una facultad que antes no estaba vigente.<\/p>\n\n\n\n<p>Una vez concretada la transferencia, el control del servicio quedar\u00e1 en manos del Ente Regulador de Agua y Saneamiento (ERAS) y la Agencia de Planificaci\u00f3n, organismos que tendr\u00e1n a su cargo la supervisi\u00f3n tarifaria, la calidad de las prestaciones y los planes de inversi\u00f3n y expansi\u00f3n.<\/p>\n\n\n\n<p>La privatizaci\u00f3n de AySA se perfila as\u00ed como uno de los primeros movimientos concretos del Gobierno en la aplicaci\u00f3n del nuevo esquema de reducci\u00f3n del rol estatal en empresas p\u00fablicas estrat\u00e9gicas.<\/p>\n\n\n\n<p><em>* Con informaci\u00f3n de Infobae<\/em><\/p>\n","protected":false},"excerpt":{"rendered":"<p>El Ejecutivo ultima el pliego para transferir el control de AySA al sector privado. La operaci\u00f3n se enmarca en la Ley Bases y marcar\u00e1 uno&hellip; <\/p>\n","protected":false},"author":2,"featured_media":35584,"comment_status":"open","ping_status":"open","sticky":false,"template":"","format":"standard","meta":{"footnotes":""},"categories":[9,13],"tags":[],"class_list":["post-35583","post","type-post","status-publish","format-standard","has-post-thumbnail","hentry","category-destacadas","category-nacionales"],"_links":{"self":[{"href":"https:\/\/lametro989.com\/index.php?rest_route=\/wp\/v2\/posts\/35583","targetHints":{"allow":["GET"]}}],"collection":[{"href":"https:\/\/lametro989.com\/index.php?rest_route=\/wp\/v2\/posts"}],"about":[{"href":"https:\/\/lametro989.com\/index.php?rest_route=\/wp\/v2\/types\/post"}],"author":[{"embeddable":true,"href":"https:\/\/lametro989.com\/index.php?rest_route=\/wp\/v2\/users\/2"}],"replies":[{"embeddable":true,"href":"https:\/\/lametro989.com\/index.php?rest_route=%2Fwp%2Fv2%2Fcomments&post=35583"}],"version-history":[{"count":1,"href":"https:\/\/lametro989.com\/index.php?rest_route=\/wp\/v2\/posts\/35583\/revisions"}],"predecessor-version":[{"id":35585,"href":"https:\/\/lametro989.com\/index.php?rest_route=\/wp\/v2\/posts\/35583\/revisions\/35585"}],"wp:featuredmedia":[{"embeddable":true,"href":"https:\/\/lametro989.com\/index.php?rest_route=\/wp\/v2\/media\/35584"}],"wp:attachment":[{"href":"https:\/\/lametro989.com\/index.php?rest_route=%2Fwp%2Fv2%2Fmedia&parent=35583"}],"wp:term":[{"taxonomy":"category","embeddable":true,"href":"https:\/\/lametro989.com\/index.php?rest_route=%2Fwp%2Fv2%2Fcategories&post=35583"},{"taxonomy":"post_tag","embeddable":true,"href":"https:\/\/lametro989.com\/index.php?rest_route=%2Fwp%2Fv2%2Ftags&post=35583"}],"curies":[{"name":"wp","href":"https:\/\/api.w.org\/{rel}","templated":true}]}}