{"id":35637,"date":"2026-01-16T07:57:11","date_gmt":"2026-01-16T10:57:11","guid":{"rendered":"https:\/\/lametro989.com\/?p=35637"},"modified":"2026-01-16T07:57:11","modified_gmt":"2026-01-16T10:57:11","slug":"florencia-de-la-v-rompio-el-silencio-tras-los-polemicos-dichos-de-maxi-lopez-me-da-pena","status":"publish","type":"post","link":"https:\/\/lametro989.com\/?p=35637","title":{"rendered":"Florencia de la V rompi\u00f3 el silencio tras los pol\u00e9micos dichos de Maxi L\u00f3pez: &#8220;Me da pena&#8221;"},"content":{"rendered":"\n<p>La conductora busc\u00f3 bajarle el tono a la situaci\u00f3n y afirm\u00f3 que no interpret\u00f3 como transf\u00f3bicas las declaraciones del exfutbolista en Olga.<\/p>\n\n\n\n<figure class=\"wp-block-image size-full\"><img loading=\"lazy\" decoding=\"async\" width=\"610\" height=\"342\" src=\"https:\/\/lametro989.com\/wp-content\/uploads\/2026\/01\/image-146.png\" alt=\"\" class=\"wp-image-35638\" srcset=\"https:\/\/lametro989.com\/wp-content\/uploads\/2026\/01\/image-146.png 610w, https:\/\/lametro989.com\/wp-content\/uploads\/2026\/01\/image-146-300x168.png 300w\" sizes=\"auto, (max-width: 610px) 100vw, 610px\" \/><\/figure>\n\n\n\n<p><strong>Florencia de la V<\/strong>&nbsp;se refiri\u00f3 p\u00fablicamente a la controversia que se desat\u00f3 en las \u00faltimas horas tras los dichos de&nbsp;<strong>Maxi L\u00f3pez<\/strong>&nbsp;y dio su mirada sobre el episodio que gener\u00f3 debate en redes y en los medios.<\/p>\n\n\n\n<p>La situaci\u00f3n se origin\u00f3 durante la participaci\u00f3n del exfutbolista en el streaming de\u00a0<strong>Olga<\/strong>, cuando en medio de una consigna le preguntaron\u00a0<strong>si besar\u00eda a otro hombre<\/strong>\u00a0y, al responder, mencion\u00f3 el nombre de la conductora, lo que desat\u00f3 una fuerte pol\u00e9mica. Frente a la repercusi\u00f3n que tom\u00f3 el tema, la conductora decidi\u00f3 abordarlo en su programa&nbsp;<strong>Los profesionales de siempre<\/strong>&nbsp;(El Nueve), donde aclar\u00f3 que no estaba al tanto de todo lo que se hab\u00eda dicho<strong>. \u201cYo no estaba al tanto de todo esto pero estoy viendo distintas revistas que titulan la noticia como: \u2018los transf\u00f3bicos comentarios de Maxi L\u00f3pez\u2019. Y la verdad es que muchos medios se est\u00e1n haciendo eco, pero yo no escuch\u00e9 lo que dijo todav\u00eda\u201d<\/strong>, expres\u00f3 al inicio.<\/p>\n\n\n\n<p>Luego, manifest\u00f3 su sorpresa por la magnitud del revuelo:<strong>&nbsp;\u201cPero es interesante hablar de esto porque yo no puedo creer&#8230; \u00a1Pens\u00e9 que estas cosas ya estaban pasadas de moda!\u201d<\/strong>.<\/p>\n\n\n\n<p>A pesar de las cr\u00edticas que recibi\u00f3 el ex de Wanda Nara, la conductora opt\u00f3 por relativizar la situaci\u00f3n y le quit\u00f3 gravedad:<strong>&nbsp;\u201cPara m\u00ed lo dijo como una humorada, un chiste tonto, me parece\u201d.<\/strong><\/p>\n\n\n\n<p>En esa misma l\u00ednea, profundiz\u00f3 su postura sobre el contexto en el que se dio el comentario:&nbsp;<strong>\u201cPero lo que si me pasa con estas situaciones es que vos lo ves y todos tratan de salir de ah\u00ed pero para mi no tuvo mala intenci\u00f3n. Yo lo veo con cero mala intenci\u00f3n de decir nada malo. O sea, las chicas le dijeron que soy mujer y yo me identifico como mujer, as\u00ed que&#8230;\u201d<\/strong>.<\/p>\n\n\n\n<p>Florencia tambi\u00e9n remarc\u00f3 que este tipo de intercambios suelen darse con frecuencia en los contenidos de streaming:<strong>&nbsp;\u201cEstas son charlas tontas que se dan en streaming todo el tiempo, pero yo de verdad no veo mala intenci\u00f3n, no me parece que sea para tanto\u201d.<\/strong><\/p>\n\n\n\n<p>Finalmente, reflexion\u00f3 sobre el impacto que tienen estas discusiones y el modo en que se amplifican: \u201c<strong>Y creo que los medios que lo levantaron&#8230; no se si no hay noticias o lo que fuera, pero no es para compartir, teniendo en cuenta las cosas que me han dicho. En este caso, esto es color pero lo que si sirve es que la gente autom\u00e1ticamente se dio cuenta y empezaron a decirle de todo. Entonces, t\u00e1citamente est\u00e1 instalado\u201d.<\/strong><\/p>\n\n\n\n<p><strong>\u201cSi tengo que decir realmente lo que me provoca, es que me da pena. Porque, siempre, lo que termina dejando situaciones como esta es que vulnera a un colectivo que ya est\u00e1 super vulnerado\u201d<\/strong>, concluy\u00f3 Flor de la V.  \u00bfQu\u00e9 dijo Maxi L\u00f3pez de Flor de la V?<\/p>\n\n\n\n<p>El exfutbolista participa de la edici\u00f3n de verano de&nbsp;<strong>Ser\u00eda Incre\u00edble<\/strong>, el ciclo que se emite por&nbsp;<strong>Olga<\/strong>&nbsp;desde&nbsp;<strong>Mar del Plata<\/strong>, junto a<strong>&nbsp;Nati Jota, Toto Kirzner y Noelia Custodio<\/strong>. En ese contexto distendido, una consigna al aire termin\u00f3 generando repudio.<\/p>\n\n\n\n<p>Todo ocurri\u00f3 este jueves, cuando a Maxi L\u00f3pez le consultaron si alguna vez hab\u00eda besado a otro hombre.<strong>&nbsp;\u201c\u00bfMaxi, le diste picos o besos a varones?\u201d<\/strong>, le pregunt\u00f3 Nati Jota.<strong>&nbsp;\u201cYo soy un poco old school<\/strong>\u201d, respondi\u00f3 el exmarido de Wanda Nara, dando a entender que nunca lo hizo por considerarse \u201canticuado\u201d o de otra generaci\u00f3n.<\/p>\n\n\n\n<p>Mientras que en la transmisi\u00f3n se mostraba la recordada imagen del beso entre&nbsp;<strong>Claudio Paul Caniggia<\/strong>&nbsp;y<strong>&nbsp;Diego Maradona<\/strong>&nbsp;en La Bombonera, tras el triunfo de Boca Juniors ante River Plate por 4-1 en 1996, la periodista volvi\u00f3 a insistir:<strong>&nbsp;\u201cBueno, si le dieras a alguien&#8230; \u00bfa qui\u00e9n prefer\u00eds? Dale, Maxi, pensalo. \u00bfA qui\u00e9n le dar\u00edas un beso?\u201d.<\/strong><\/p>\n\n\n\n<p>La respuesta de L\u00f3pez fue la que encendi\u00f3 la controversia:&nbsp;<strong>\u201cNo tendr\u00eda que ser solo masculino&#8230; A Florencia de la V, por ejemplo\u201d<\/strong>. De inmediato, Nati Jota reaccion\u00f3 y marc\u00f3 un l\u00edmite:&nbsp;<strong>\u201c\u00a1Nooo, me mato! \u00a1No, Maxi! \u00a1No es por ah\u00ed y tampoco de es de la Vega, es de la V! \u00a1Es mujer y le mandamos un saludo porque es una capa total!\u201d.<\/strong><\/p>\n\n\n\n<p>El fragmento del programa se viraliz\u00f3 de inmediato y provoc\u00f3 una ola de cr\u00edticas contra Maxi L\u00f3pez, a quien los usuarios acusaron por su comentario transf\u00f3bico hacia la conductora de&nbsp;<strong>Los profesionales de siempre<\/strong>&nbsp;(El Nueve).<\/p>\n\n\n\n<p>\u201cQu\u00e9 desastre, qu\u00e9 manera de atrasar\u201d, \u201c\u00a1Ay, por favor! \u00a1Que nefasto est\u00e9 tipo! \u00a1S\u00e1quenlo ya!\u201d, \u201cVu\u00e9lvanlo a guardar\u201d, \u201cY supuestamente estamos deconstruidos\u201d, fueron algunos de los mensajes que se multiplicaron en las redes.<\/p>\n","protected":false},"excerpt":{"rendered":"<p>La conductora busc\u00f3 bajarle el tono a la situaci\u00f3n y afirm\u00f3 que no interpret\u00f3 como transf\u00f3bicas las declaraciones del exfutbolista en Olga. Florencia de la&hellip; <\/p>\n","protected":false},"author":2,"featured_media":35638,"comment_status":"open","ping_status":"open","sticky":false,"template":"","format":"standard","meta":{"footnotes":""},"categories":[9,13],"tags":[],"class_list":["post-35637","post","type-post","status-publish","format-standard","has-post-thumbnail","hentry","category-destacadas","category-nacionales"],"_links":{"self":[{"href":"https:\/\/lametro989.com\/index.php?rest_route=\/wp\/v2\/posts\/35637","targetHints":{"allow":["GET"]}}],"collection":[{"href":"https:\/\/lametro989.com\/index.php?rest_route=\/wp\/v2\/posts"}],"about":[{"href":"https:\/\/lametro989.com\/index.php?rest_route=\/wp\/v2\/types\/post"}],"author":[{"embeddable":true,"href":"https:\/\/lametro989.com\/index.php?rest_route=\/wp\/v2\/users\/2"}],"replies":[{"embeddable":true,"href":"https:\/\/lametro989.com\/index.php?rest_route=%2Fwp%2Fv2%2Fcomments&post=35637"}],"version-history":[{"count":1,"href":"https:\/\/lametro989.com\/index.php?rest_route=\/wp\/v2\/posts\/35637\/revisions"}],"predecessor-version":[{"id":35639,"href":"https:\/\/lametro989.com\/index.php?rest_route=\/wp\/v2\/posts\/35637\/revisions\/35639"}],"wp:featuredmedia":[{"embeddable":true,"href":"https:\/\/lametro989.com\/index.php?rest_route=\/wp\/v2\/media\/35638"}],"wp:attachment":[{"href":"https:\/\/lametro989.com\/index.php?rest_route=%2Fwp%2Fv2%2Fmedia&parent=35637"}],"wp:term":[{"taxonomy":"category","embeddable":true,"href":"https:\/\/lametro989.com\/index.php?rest_route=%2Fwp%2Fv2%2Fcategories&post=35637"},{"taxonomy":"post_tag","embeddable":true,"href":"https:\/\/lametro989.com\/index.php?rest_route=%2Fwp%2Fv2%2Ftags&post=35637"}],"curies":[{"name":"wp","href":"https:\/\/api.w.org\/{rel}","templated":true}]}}