{"id":35640,"date":"2026-01-16T08:02:28","date_gmt":"2026-01-16T11:02:28","guid":{"rendered":"https:\/\/lametro989.com\/?p=35640"},"modified":"2026-01-16T08:02:28","modified_gmt":"2026-01-16T11:02:28","slug":"el-sorprendente-elogio-de-roger-federer-a-lionel-messi-la-contundente-frase-sobre-su-ultimo-mundial-con-la-seleccion-argentina","status":"publish","type":"post","link":"https:\/\/lametro989.com\/?p=35640","title":{"rendered":"El sorprendente elogio de Roger Federer a Lionel Messi: la contundente frase sobre su \u00faltimo Mundial con la selecci\u00f3n argentina"},"content":{"rendered":"\n<p>El ex tenista ponder\u00f3 al astro argentino y confes\u00f3: \u201cSoy un gran fan de \u00e9l\u201d.<\/p>\n\n\n\n<figure class=\"wp-block-image size-full\"><img loading=\"lazy\" decoding=\"async\" width=\"992\" height=\"662\" src=\"https:\/\/lametro989.com\/wp-content\/uploads\/2026\/01\/image-147.png\" alt=\"\" class=\"wp-image-35641\" srcset=\"https:\/\/lametro989.com\/wp-content\/uploads\/2026\/01\/image-147.png 992w, https:\/\/lametro989.com\/wp-content\/uploads\/2026\/01\/image-147-300x200.png 300w, https:\/\/lametro989.com\/wp-content\/uploads\/2026\/01\/image-147-768x513.png 768w\" sizes=\"auto, (max-width: 992px) 100vw, 992px\" \/><\/figure>\n\n\n\n<p>  <strong>Roger Federer y Lionel Messi\u00a0<\/strong>son dos grandes exponentes del deporte. Ambos marcaron una \u00e9poca en su disciplina: el suizo en el tenis y el argentino en el f\u00fatbol. Es por eso que muchas veces se los compar\u00f3 e incluso se traz\u00f3 un paralelismo en sus carreras.<strong>\u00a0Y el campe\u00f3n de 103 t\u00edtulos ATP no le escapa a eso y se deshizo en elogios hacia el astro rosarino.<\/strong> En di\u00e1logo con\u00a0<em>ESPN<\/em>, Federer habl\u00f3 sobre la vez que coincidi\u00f3 con la Pulga y confes\u00f3 que siente admiraci\u00f3n: \u201cSolo lo vi una vez y conoc\u00ed a sus padres en Tigre, cuando jugu\u00e9 contra Juan Mart\u00edn del Potro. No conozco mucho a Leo como persona para ser sincero. Es dif\u00edcil compararnos, \u00e9l hizo cosas estupendas en el f\u00fatbol, soy un gran fan de \u00e9l\u201d.<\/p>\n\n\n\n<p>\u201cC\u00f3mo domin\u00f3 y cambi\u00f3 el juego es algo incre\u00edble. Estoy contento que ya gan\u00f3 una Copa del Mundo y no va a tener presi\u00f3n en la pr\u00f3xima, aunque siempre es una gran presi\u00f3n jugar un Mundial. Lo estar\u00e9 siguiendo\u201d, a\u00f1adi\u00f3 el ganador de 20 t\u00edtulos de Grand Slam. El ex tenista, de 44 a\u00f1os, anticip\u00f3 que es posible que viaje a Norteam\u00e9rica para presenciar la cita ecum\u00e9nica y dej\u00f3 una frase alentadora para el capit\u00e1n de la selecci\u00f3n argentina: \u201cSuiza tambi\u00e9n clasific\u00f3, as\u00ed que puede que vaya. Espero que Messi tenga el final que quiere para su carrera\u201d.<\/p>\n\n\n\n<p>Estas no fueron las primeras palabras elogiosas que el helv\u00e9tico tuvo para el jugador con pasado en Barcelona y Par\u00eds Saint-Germain y con actualidad en el Inter Miami de la MLS. En 2023, Federer escribi\u00f3 una carta publicada en la revista Time y expres\u00f3: \u201cLos r\u00e9cords de goles y campeonatos de Lionel Messi no necesitan ser recordados ac\u00e1. Lo que me llama la atenci\u00f3n de Messi es su grandeza constante durante tantos a\u00f1os. Eso es tan dif\u00edcil de lograr y luego mantener.\u00a0<strong>Gambetea como un mago y sus pases son obras de arte<\/strong>.\u00a0<strong>Su conciencia y anticipaci\u00f3n est\u00e1n casi m\u00e1s all\u00e1 de la comprensi\u00f3n&#8221;<\/strong>. <strong>\u201cLa victoria de Argentina en la Copa del Mundo fue magn\u00edfica. La salida de millones de fan\u00e1ticos a las calles de Buenos Aires para celebrar fue un momento incre\u00edble en los deportes, presenciado en todo el mundo<\/strong>\u201d, sigui\u00f3 diciendo Federer.<\/p>\n\n\n\n<p>\u201cIncluso aquellos que no siguen el f\u00fatbol deben haberse dado cuenta del verdadero impacto del juego m\u00e1s popular del mundo.&nbsp;<strong>Al crecer, Diego Maradona y Gabriel Batistuta fueron mis jugadores argentinos favoritos. Tuve la suerte de conocerlos a ambos. Ellos me inspiraron. Ahora Messi puede inspirar a las generaciones futuras.&nbsp;<\/strong>Solo puedo esperar que podamos ver su creatividad y arte \u00fanicos por un poco m\u00e1s de tiempo. No parpadees con demasiada frecuencia mientras Messi juega. Puede que te pierdas algo incre\u00edble del hombre del momento. Gracias, Leo&#8221;, a\u00f1adi\u00f3 en aquella ocasi\u00f3n.<\/p>\n\n\n\n<p>La admiraci\u00f3n es mutua. Messi, cuando el tenista suizo se retir\u00f3 en 2022, le dej\u00f3 un mensaje. &#8220;<strong>Un genio, \u00fanico en la historia del tenis y un ejemplo para cualquier deportista. Lo mejor en tu nueva etapa, extra\u00f1aremos verte en la cancha haci\u00e9ndonos disfrutar<\/strong>\u201c, escribi\u00f3 el argentino en su cuenta de&nbsp;<em>Instagram.<\/em><\/p>\n","protected":false},"excerpt":{"rendered":"<p>El ex tenista ponder\u00f3 al astro argentino y confes\u00f3: \u201cSoy un gran fan de \u00e9l\u201d. Roger Federer y Lionel Messi\u00a0son dos grandes exponentes del deporte.&hellip; <\/p>\n","protected":false},"author":2,"featured_media":35641,"comment_status":"open","ping_status":"open","sticky":false,"template":"","format":"standard","meta":{"footnotes":""},"categories":[13],"tags":[],"class_list":["post-35640","post","type-post","status-publish","format-standard","has-post-thumbnail","hentry","category-nacionales"],"_links":{"self":[{"href":"https:\/\/lametro989.com\/index.php?rest_route=\/wp\/v2\/posts\/35640","targetHints":{"allow":["GET"]}}],"collection":[{"href":"https:\/\/lametro989.com\/index.php?rest_route=\/wp\/v2\/posts"}],"about":[{"href":"https:\/\/lametro989.com\/index.php?rest_route=\/wp\/v2\/types\/post"}],"author":[{"embeddable":true,"href":"https:\/\/lametro989.com\/index.php?rest_route=\/wp\/v2\/users\/2"}],"replies":[{"embeddable":true,"href":"https:\/\/lametro989.com\/index.php?rest_route=%2Fwp%2Fv2%2Fcomments&post=35640"}],"version-history":[{"count":1,"href":"https:\/\/lametro989.com\/index.php?rest_route=\/wp\/v2\/posts\/35640\/revisions"}],"predecessor-version":[{"id":35642,"href":"https:\/\/lametro989.com\/index.php?rest_route=\/wp\/v2\/posts\/35640\/revisions\/35642"}],"wp:featuredmedia":[{"embeddable":true,"href":"https:\/\/lametro989.com\/index.php?rest_route=\/wp\/v2\/media\/35641"}],"wp:attachment":[{"href":"https:\/\/lametro989.com\/index.php?rest_route=%2Fwp%2Fv2%2Fmedia&parent=35640"}],"wp:term":[{"taxonomy":"category","embeddable":true,"href":"https:\/\/lametro989.com\/index.php?rest_route=%2Fwp%2Fv2%2Fcategories&post=35640"},{"taxonomy":"post_tag","embeddable":true,"href":"https:\/\/lametro989.com\/index.php?rest_route=%2Fwp%2Fv2%2Ftags&post=35640"}],"curies":[{"name":"wp","href":"https:\/\/api.w.org\/{rel}","templated":true}]}}