{"id":35646,"date":"2026-01-16T08:18:41","date_gmt":"2026-01-16T11:18:41","guid":{"rendered":"https:\/\/lametro989.com\/?p=35646"},"modified":"2026-01-16T08:18:41","modified_gmt":"2026-01-16T11:18:41","slug":"detectan-dos-casos-de-la-nueva-variante-de-influenza-a-h3n2-en-corrientes","status":"publish","type":"post","link":"https:\/\/lametro989.com\/?p=35646","title":{"rendered":"Detectan dos casos de la nueva variante de Influenza A H3N2 en Corrientes"},"content":{"rendered":"\n<p>El Ministerio de Salud de la vecina provincia confirm\u00f3 resultados positivos de la cepa H3N2 subclado K en dos adultas mayores. Seg\u00fan el informe epidemiol\u00f3gico, el nexo fue un familiar proveniente del exterior.<\/p>\n\n\n\n<figure class=\"wp-block-image size-full\"><img loading=\"lazy\" decoding=\"async\" width=\"800\" height=\"540\" src=\"https:\/\/lametro989.com\/wp-content\/uploads\/2026\/01\/image-149.png\" alt=\"\" class=\"wp-image-35647\" srcset=\"https:\/\/lametro989.com\/wp-content\/uploads\/2026\/01\/image-149.png 800w, https:\/\/lametro989.com\/wp-content\/uploads\/2026\/01\/image-149-300x203.png 300w, https:\/\/lametro989.com\/wp-content\/uploads\/2026\/01\/image-149-768x518.png 768w\" sizes=\"auto, (max-width: 800px) 100vw, 800px\" \/><\/figure>\n\n\n\n<p>El Ministerio de Salud P\u00fablica de Corrientes inform\u00f3 este jueves la detecci\u00f3n de los dos primeros casos de la variante de Influenza A H3N2 subclado K en la provincia. El hallazgo se produjo tras el an\u00e1lisis de muestras enviadas al Instituto Malbr\u00e1n, en el marco de la vigilancia epidemiol\u00f3gica activa. Desde la Direcci\u00f3n General de Epidemiolog\u00eda detallaron que las pacientes son dos mujeres adultas mayores que evolucionaron favorablemente y ya se encuentran en sus domicilios. La investigaci\u00f3n determin\u00f3 que el nexo epidemiol\u00f3gico fue un familiar que regres\u00f3 recientemente del extranjero, lo que introdujo la cepa en la provincia.<\/p>\n\n\n\n<p><strong>Eficacia de la vacuna y prevenci\u00f3n<\/strong><\/p>\n\n\n\n<p>Ante la preocupaci\u00f3n por la efectividad de las dosis actuales, las autoridades sanitarias aclararon que, si bien la cepa del hemisferio sur no fue dise\u00f1ada espec\u00edficamente para el subclado K (el cual apareci\u00f3 posteriormente), la vacuna antigripal vigente sigue ofreciendo una protecci\u00f3n fundamental.<\/p>\n\n\n\n<p>\u201cEs la herramienta m\u00e1s importante para mitigar el impacto de la gripe y, sobre todo, para reducir internaciones y complicaciones graves en los grupos de riesgo\u201d, explicaron desde la cartera sanitaria. Adem\u00e1s, recordaron la importancia de mantener la ventilaci\u00f3n de ambientes, el lavado frecuente de manos y el uso de barbijo en caso de presentar s\u00edntomas respiratorios.<\/p>\n\n\n\n<p><strong>Grupos de riesgo: qui\u00e9nes deben vacunarse<\/strong><\/p>\n\n\n\n<p>El Ministerio inst\u00f3 a las personas comprendidas en los siguientes grupos a aplicarse su dosis anual de forma gratuita en los centros de salud:<\/p>\n\n\n\n<p>Personas de 2 a 64 a\u00f1os con patolog\u00edas: Enfermedades card\u00edacas, respiratorias, diabetes, obesidad o inmunodeficiencias (con orden m\u00e9dica).<\/p>\n\n\n\n<p>Personal de salud.<\/p>\n\n\n\n<p>Personas gestantes: En cualquier mes de embarazo o pu\u00e9rperas (hasta 10 d\u00edas post-parto).<\/p>\n\n\n\n<p>Ni\u00f1os de 6 a 24 meses: Esquema de dos dosis.<\/p>\n\n\n\n<p>Mayores de 65 a\u00f1os.<\/p>\n","protected":false},"excerpt":{"rendered":"<p>El Ministerio de Salud de la vecina provincia confirm\u00f3 resultados positivos de la cepa H3N2 subclado K en dos adultas mayores. Seg\u00fan el informe epidemiol\u00f3gico,&hellip; <\/p>\n","protected":false},"author":2,"featured_media":35647,"comment_status":"open","ping_status":"open","sticky":false,"template":"","format":"standard","meta":{"footnotes":""},"categories":[13],"tags":[],"class_list":["post-35646","post","type-post","status-publish","format-standard","has-post-thumbnail","hentry","category-nacionales"],"_links":{"self":[{"href":"https:\/\/lametro989.com\/index.php?rest_route=\/wp\/v2\/posts\/35646","targetHints":{"allow":["GET"]}}],"collection":[{"href":"https:\/\/lametro989.com\/index.php?rest_route=\/wp\/v2\/posts"}],"about":[{"href":"https:\/\/lametro989.com\/index.php?rest_route=\/wp\/v2\/types\/post"}],"author":[{"embeddable":true,"href":"https:\/\/lametro989.com\/index.php?rest_route=\/wp\/v2\/users\/2"}],"replies":[{"embeddable":true,"href":"https:\/\/lametro989.com\/index.php?rest_route=%2Fwp%2Fv2%2Fcomments&post=35646"}],"version-history":[{"count":1,"href":"https:\/\/lametro989.com\/index.php?rest_route=\/wp\/v2\/posts\/35646\/revisions"}],"predecessor-version":[{"id":35648,"href":"https:\/\/lametro989.com\/index.php?rest_route=\/wp\/v2\/posts\/35646\/revisions\/35648"}],"wp:featuredmedia":[{"embeddable":true,"href":"https:\/\/lametro989.com\/index.php?rest_route=\/wp\/v2\/media\/35647"}],"wp:attachment":[{"href":"https:\/\/lametro989.com\/index.php?rest_route=%2Fwp%2Fv2%2Fmedia&parent=35646"}],"wp:term":[{"taxonomy":"category","embeddable":true,"href":"https:\/\/lametro989.com\/index.php?rest_route=%2Fwp%2Fv2%2Fcategories&post=35646"},{"taxonomy":"post_tag","embeddable":true,"href":"https:\/\/lametro989.com\/index.php?rest_route=%2Fwp%2Fv2%2Ftags&post=35646"}],"curies":[{"name":"wp","href":"https:\/\/api.w.org\/{rel}","templated":true}]}}