{"id":35661,"date":"2026-01-16T08:56:37","date_gmt":"2026-01-16T11:56:37","guid":{"rendered":"https:\/\/lametro989.com\/?p=35661"},"modified":"2026-01-16T08:56:37","modified_gmt":"2026-01-16T11:56:37","slug":"julio-iglesias-publico-un-mensaje-tras-ser-denunciado-por-agresiones-sexuales-niego-haber-abusado-a-ninguna-mujer","status":"publish","type":"post","link":"https:\/\/lametro989.com\/?p=35661","title":{"rendered":"Julio Iglesias public\u00f3 un mensaje tras ser denunciado por agresiones sexuales: &#8220;Niego haber abusado a ninguna mujer&#8221;"},"content":{"rendered":"\n<p>La Justicia espa\u00f1ola admiti\u00f3 una denuncia presentada por dos extrabajadoras de sus residencias en el Caribe y avanza una investigaci\u00f3n por presuntos delitos contra la libertad sexual y coacciones. El artista anticip\u00f3 que dar\u00e1 batalla legal para preservar su honor.<\/p>\n\n\n\n<figure class=\"wp-block-image size-full\"><img loading=\"lazy\" decoding=\"async\" width=\"987\" height=\"555\" src=\"https:\/\/lametro989.com\/wp-content\/uploads\/2026\/01\/image-154.png\" alt=\"\" class=\"wp-image-35662\" srcset=\"https:\/\/lametro989.com\/wp-content\/uploads\/2026\/01\/image-154.png 987w, https:\/\/lametro989.com\/wp-content\/uploads\/2026\/01\/image-154-300x169.png 300w, https:\/\/lametro989.com\/wp-content\/uploads\/2026\/01\/image-154-768x432.png 768w\" sizes=\"auto, (max-width: 987px) 100vw, 987px\" \/><\/figure>\n\n\n\n<p>El cantante&nbsp;<strong>Julio Iglesias public\u00f3 un mensaje en sus redes sociales tras&nbsp;<a target=\"_blank\" href=\"https:\/\/www.perfil.com\/noticias\/judiciales\/exempleadas-de-julio-iglesias-denunciaron-agresiones-sexuales-y-acoso-mientras-trabajaban-en-sus-mansiones-de-punta-cana-y-bahamas.phtml\" rel=\"noreferrer noopener\">ser acusado por agresi\u00f3n sexual<\/a><\/strong>&nbsp;por dos antiguas empleadas que trabajaron en sus residencias de Bahamas y Rep\u00fablica Dominicana. All\u00ed sostuvo que las imputaciones \u201c<strong>son falsas<\/strong>\u201d y afirm\u00f3 que resguardar\u00e1 su honor frente a lo que defini\u00f3 como \u201c<strong>un agravio tan grande<\/strong>\u201d.<\/p>\n\n\n\n<p>Por ahora, la denuncia presentada el 5 de enero fue aceptada por la Justicia espa\u00f1ola y&nbsp;<strong>lo se\u00f1ala como presunto responsable de delitos vinculados a la libertad sexual<\/strong>&nbsp;y de coacciones.<\/p>\n\n\n\n<p>\u201cCon profundo pesar respondo a las acusaciones realizadas por dos personas que anteriormente trabajaron en mi casa.\u00a0<strong>Niego haber abusado, coaccionado o faltado el respeto a ninguna mujer<\/strong>. Esas acusaciones son absolutamente falsas y me causan una gran tristeza. Nunca hab\u00eda sentido tanta maldad, pero a\u00fan me quedan fuerzas para que la gente conozca toda la verdad y\u00a0<strong>defender mi dignidad ante un agravio tan grave<\/strong>\u201d, expres\u00f3 el artista en su descargo. En ese mismo comunicado, a\u00f1adi\u00f3: \u201cNo puedo olvidarme de tantas y tantas personas querid\u00edsimas que me han mandado mensajes de cari\u00f1o y lealtad.\u00a0<strong>He sentido mucho consuelo en ellas<\/strong>\u201d. <strong>La denuncia judicial contra Julio Iglesias<\/strong><\/p>\n\n\n\n<p>El int\u00e9rprete fue denunciado formalmente el 5 de enero por dos extrabajadoras de su personal dom\u00e9stico y de fisioterapia.<strong>&nbsp;La causa se origin\u00f3 a partir de una investigaci\u00f3n period\u00edstica<\/strong>&nbsp;que reconstruy\u00f3 el funcionamiento interno de las propiedades caribe\u00f1as del cantante.<\/p>\n\n\n\n<p>Seg\u00fan los relatos incorporados al expediente, los episodios denunciados habr\u00edan ocurrido en 2021 y&nbsp;<strong>describen una reiteraci\u00f3n de abusos sexuales y agresiones f\u00edsicas<\/strong>. La ciudadan\u00eda espa\u00f1ola de Iglesias habilita que el proceso avance en los juzgados de Madrid.<\/p>\n\n\n\n<p>Las representantes legales de las denunciantes caracterizaron el esquema operativo de las residencias como\u00a0<strong>una estructura organizada dedicada al maltrato sistem\u00e1tico<\/strong>. En la acusaci\u00f3n tambi\u00e9n figuran dos supervisoras de las casas,\u00a0<strong>se\u00f1aladas como colaboradoras necesarias<\/strong>. La organizaci\u00f3n internacional&nbsp;<em>Women &#8216;s Link Worldwide<\/em>&nbsp;acompa\u00f1a a las v\u00edctimas en el tr\u00e1mite judicial y&nbsp;<strong>solicit\u00f3 la adopci\u00f3n de medidas urgentes de protecci\u00f3n<\/strong>&nbsp;ante la situaci\u00f3n de vulnerabilidad socioecon\u00f3mica de las mujeres.<\/p>\n\n\n\n<p>Desde el Ministerio P\u00fablico Fiscal&nbsp;<strong>se analiza el riesgo de eventuales represalias o maniobras de intimidaci\u00f3n<\/strong>&nbsp;provenientes del entorno del cantante contra las denunciantes.&nbsp;<strong>En la causa se incorporaron fotograf\u00edas, registros de audio y documentaci\u00f3n que respaldan sus testimonios<\/strong>. Ese material forma parte de una investigaci\u00f3n desarrollada durante tres a\u00f1os por los medios<em>&nbsp;elDiario.es<\/em>&nbsp;y&nbsp;<em>Univision Noticias<\/em>.<\/p>\n\n\n\n<p>Este mi\u00e9rcoles,&nbsp;<strong>Susana Gim\u00e9nez sali\u00f3 p\u00fablicamente en defensa de Julio Iglesias frente a las acusaciones<\/strong>. Tras conocerse la denuncia, en redes sociales comenz\u00f3 a circular un video de archivo en el que se observa al cantante besando a la conductora sin su consentimiento en un programa televisivo. Sin embargo, la actriz decidi\u00f3 pronunciarse y&nbsp;<strong>afirm\u00f3 que el artista espa\u00f1ol es su amigo<\/strong>, adem\u00e1s de asegurar que siempre se comport\u00f3 como un \u201ccaballero\u201d con ella.<\/p>\n","protected":false},"excerpt":{"rendered":"<p>La Justicia espa\u00f1ola admiti\u00f3 una denuncia presentada por dos extrabajadoras de sus residencias en el Caribe y avanza una investigaci\u00f3n por presuntos delitos contra la&hellip; <\/p>\n","protected":false},"author":2,"featured_media":35662,"comment_status":"open","ping_status":"open","sticky":false,"template":"","format":"standard","meta":{"footnotes":""},"categories":[9,13],"tags":[],"class_list":["post-35661","post","type-post","status-publish","format-standard","has-post-thumbnail","hentry","category-destacadas","category-nacionales"],"_links":{"self":[{"href":"https:\/\/lametro989.com\/index.php?rest_route=\/wp\/v2\/posts\/35661","targetHints":{"allow":["GET"]}}],"collection":[{"href":"https:\/\/lametro989.com\/index.php?rest_route=\/wp\/v2\/posts"}],"about":[{"href":"https:\/\/lametro989.com\/index.php?rest_route=\/wp\/v2\/types\/post"}],"author":[{"embeddable":true,"href":"https:\/\/lametro989.com\/index.php?rest_route=\/wp\/v2\/users\/2"}],"replies":[{"embeddable":true,"href":"https:\/\/lametro989.com\/index.php?rest_route=%2Fwp%2Fv2%2Fcomments&post=35661"}],"version-history":[{"count":1,"href":"https:\/\/lametro989.com\/index.php?rest_route=\/wp\/v2\/posts\/35661\/revisions"}],"predecessor-version":[{"id":35663,"href":"https:\/\/lametro989.com\/index.php?rest_route=\/wp\/v2\/posts\/35661\/revisions\/35663"}],"wp:featuredmedia":[{"embeddable":true,"href":"https:\/\/lametro989.com\/index.php?rest_route=\/wp\/v2\/media\/35662"}],"wp:attachment":[{"href":"https:\/\/lametro989.com\/index.php?rest_route=%2Fwp%2Fv2%2Fmedia&parent=35661"}],"wp:term":[{"taxonomy":"category","embeddable":true,"href":"https:\/\/lametro989.com\/index.php?rest_route=%2Fwp%2Fv2%2Fcategories&post=35661"},{"taxonomy":"post_tag","embeddable":true,"href":"https:\/\/lametro989.com\/index.php?rest_route=%2Fwp%2Fv2%2Ftags&post=35661"}],"curies":[{"name":"wp","href":"https:\/\/api.w.org\/{rel}","templated":true}]}}