{"id":35690,"date":"2026-01-17T16:54:38","date_gmt":"2026-01-17T19:54:38","guid":{"rendered":"https:\/\/lametro989.com\/?p=35690"},"modified":"2026-01-17T16:54:38","modified_gmt":"2026-01-17T19:54:38","slug":"chaco-tendra-un-mayor-consumo-electrico-subsidiado-durante-el-verano-por-una-medida-nacional","status":"publish","type":"post","link":"https:\/\/lametro989.com\/?p=35690","title":{"rendered":"Chaco tendr\u00e1 un mayor consumo el\u00e9ctrico subsidiado durante el verano por una medida nacional"},"content":{"rendered":"\n<p><em>La Naci\u00f3n ampli\u00f3 los l\u00edmites de consumo con tarifa subsidiada para enfrentar el impacto de las altas temperaturas y la fuerte demanda el\u00e9ctrica durante los meses m\u00e1s cr\u00edticos del verano.<\/em><\/p>\n\n\n\n<figure class=\"wp-block-image size-full\"><img loading=\"lazy\" decoding=\"async\" width=\"850\" height=\"478\" src=\"https:\/\/lametro989.com\/wp-content\/uploads\/2026\/01\/50557w850h478c.jpg.webp\" alt=\"\" class=\"wp-image-35691\" srcset=\"https:\/\/lametro989.com\/wp-content\/uploads\/2026\/01\/50557w850h478c.jpg.webp 850w, https:\/\/lametro989.com\/wp-content\/uploads\/2026\/01\/50557w850h478c.jpg-300x169.webp 300w, https:\/\/lametro989.com\/wp-content\/uploads\/2026\/01\/50557w850h478c.jpg-768x432.webp 768w\" sizes=\"auto, (max-width: 850px) 100vw, 850px\" \/><\/figure>\n\n\n\n<p>El Gobierno nacional dispuso una&nbsp;<strong>ampliaci\u00f3n del consumo el\u00e9ctrico con subsidio para las provincias del norte del pa\u00eds, entre ellas Chaco,<\/strong>&nbsp;con el objetivo de atenuar el impacto de las altas temperaturas y la fuerte demanda energ\u00e9tica que se registra durante el verano. La decisi\u00f3n fue adoptada por la Secretar\u00eda de Energ\u00eda y estar\u00e1 vigente entre diciembre y febrero.<\/p>\n\n\n\n<p>La medida alcanza a provincias del NEA y NOA, regiones que, seg\u00fan los criterios t\u00e9cnicos oficiales, presentan condiciones clim\u00e1ticas c\u00e1lidas y muy c\u00e1lidas, lo que incrementa de manera significativa el uso de energ\u00eda el\u00e9ctrica para refrigeraci\u00f3n en los hogares.<\/p>\n\n\n\n<h2 class=\"wp-block-heading\">M\u00e1s margen de consumo con subsidio<\/h2>\n\n\n\n<p>Con la actualizaci\u00f3n del esquema, los usuarios residenciales de Chaco contar\u00e1n con un mayor l\u00edmite mensual de consumo subsidiado, lo que permitir\u00e1 reducir el impacto en las facturas durante los meses m\u00e1s cr\u00edticos del a\u00f1o.<\/p>\n\n\n\n<p>En las zonas catalogadas como &#8220;muy c\u00e1lidas&#8221;,&nbsp;<strong>el tope de consumo con tarifa subsidiada se eleva de 300 a 550 kilovatios hora (kWh) mensuales, mientras que en las \u00e1reas consideradas &#8220;c\u00e1lidas&#8221; el l\u00edmite se fija en 370 kWh por mes.<\/strong>&nbsp;En el resto del pa\u00eds, el bloque subsidiado se mantiene sin modificaciones.<\/p>\n\n\n\n<h2 class=\"wp-block-heading\">Beneficio directo para el norte argentino<\/h2>\n\n\n\n<p>Adem\u00e1s de Chaco, la ampliaci\u00f3n del beneficio incluye a Corrientes, Formosa, Misiones, Entre R\u00edos y Santa Fe, dentro del NEA, y a Catamarca, Jujuy, Salta, Santiago del Estero y Tucum\u00e1n, en el NOA.<\/p>\n\n\n\n<p>Desde el \u00e1rea energ\u00e9tica explicaron que la decisi\u00f3n responde a la realidad estructural del norte argentino, donde la electricidad cumple un rol central para la climatizaci\u00f3n de los hogares, especialmente ante el menor acceso al gas por redes en comparaci\u00f3n con otras regiones del pa\u00eds.<\/p>\n\n\n\n<h2 class=\"wp-block-heading\">Impacto en las facturas de verano<\/h2>\n\n\n\n<p>El nuevo esquema busca aliviar el gasto energ\u00e9tico de las familias durante el trimestre de mayor consumo, cuando el uso de ventiladores y equipos de aire acondicionado se vuelve indispensable. Seg\u00fan se indic\u00f3, la medida ya se encuentra vigente y comenzar\u00e1 a reflejarse en las facturas correspondientes a los meses de verano.<\/p>\n\n\n\n<p>Desde Naci\u00f3n remarcaron que la ampliaci\u00f3n no implica cambios en el sistema general de subsidios, sino una adecuaci\u00f3n regional orientada a contemplar las particularidades clim\u00e1ticas del norte del pa\u00eds.\u00a0<\/p>\n\n\n\n<p><\/p>\n","protected":false},"excerpt":{"rendered":"<p>La Naci\u00f3n ampli\u00f3 los l\u00edmites de consumo con tarifa subsidiada para enfrentar el impacto de las altas temperaturas y la fuerte demanda el\u00e9ctrica durante los&hellip; <\/p>\n","protected":false},"author":2,"featured_media":35691,"comment_status":"open","ping_status":"open","sticky":false,"template":"","format":"standard","meta":{"footnotes":""},"categories":[9,2],"tags":[],"class_list":["post-35690","post","type-post","status-publish","format-standard","has-post-thumbnail","hentry","category-destacadas","category-provinciales"],"_links":{"self":[{"href":"https:\/\/lametro989.com\/index.php?rest_route=\/wp\/v2\/posts\/35690","targetHints":{"allow":["GET"]}}],"collection":[{"href":"https:\/\/lametro989.com\/index.php?rest_route=\/wp\/v2\/posts"}],"about":[{"href":"https:\/\/lametro989.com\/index.php?rest_route=\/wp\/v2\/types\/post"}],"author":[{"embeddable":true,"href":"https:\/\/lametro989.com\/index.php?rest_route=\/wp\/v2\/users\/2"}],"replies":[{"embeddable":true,"href":"https:\/\/lametro989.com\/index.php?rest_route=%2Fwp%2Fv2%2Fcomments&post=35690"}],"version-history":[{"count":1,"href":"https:\/\/lametro989.com\/index.php?rest_route=\/wp\/v2\/posts\/35690\/revisions"}],"predecessor-version":[{"id":35692,"href":"https:\/\/lametro989.com\/index.php?rest_route=\/wp\/v2\/posts\/35690\/revisions\/35692"}],"wp:featuredmedia":[{"embeddable":true,"href":"https:\/\/lametro989.com\/index.php?rest_route=\/wp\/v2\/media\/35691"}],"wp:attachment":[{"href":"https:\/\/lametro989.com\/index.php?rest_route=%2Fwp%2Fv2%2Fmedia&parent=35690"}],"wp:term":[{"taxonomy":"category","embeddable":true,"href":"https:\/\/lametro989.com\/index.php?rest_route=%2Fwp%2Fv2%2Fcategories&post=35690"},{"taxonomy":"post_tag","embeddable":true,"href":"https:\/\/lametro989.com\/index.php?rest_route=%2Fwp%2Fv2%2Ftags&post=35690"}],"curies":[{"name":"wp","href":"https:\/\/api.w.org\/{rel}","templated":true}]}}