{"id":35693,"date":"2026-01-17T16:56:48","date_gmt":"2026-01-17T19:56:48","guid":{"rendered":"https:\/\/lametro989.com\/?p=35693"},"modified":"2026-01-17T16:56:48","modified_gmt":"2026-01-17T19:56:48","slug":"milei-firma-hoy-en-paraguay-el-acuerdo-mercosur-ue-y-parte-rumbo-al-foro-de-davos","status":"publish","type":"post","link":"https:\/\/lametro989.com\/?p=35693","title":{"rendered":"Milei firma hoy en Paraguay el acuerdo Mercosur\u2013UE y parte rumbo al Foro de Davos"},"content":{"rendered":"\n<p>El presidente Javier Milei encabeza este s\u00e1bado una jornada hist\u00f3rica en Asunci\u00f3n para formalizar el tratado de libre comercio que tom\u00f3 m\u00e1s de 20 a\u00f1os de negociaciones. Tras el acto, el mandatario volar\u00e1 a Suiza para participar del Foro Econ\u00f3mico Mundial, donde presentar\u00e1 su agenda de desregulaci\u00f3n ante la \u00e9lite financiera global.<\/p>\n\n\n\n<figure class=\"wp-block-image size-full\"><img loading=\"lazy\" decoding=\"async\" width=\"850\" height=\"622\" src=\"https:\/\/lametro989.com\/wp-content\/uploads\/2026\/01\/64413w850h622c.webp.webp\" alt=\"\" class=\"wp-image-35694\" srcset=\"https:\/\/lametro989.com\/wp-content\/uploads\/2026\/01\/64413w850h622c.webp.webp 850w, https:\/\/lametro989.com\/wp-content\/uploads\/2026\/01\/64413w850h622c.webp-300x220.webp 300w, https:\/\/lametro989.com\/wp-content\/uploads\/2026\/01\/64413w850h622c.webp-768x562.webp 768w\" sizes=\"auto, (max-width: 850px) 100vw, 850px\" \/><\/figure>\n\n\n\n<p>El Gobierno nacional define este fin de semana su posicionamiento estrat\u00e9gico en el escenario global. Este s\u00e1bado 17 de enero de 2026, a las 9:00 de la ma\u00f1ana, la comitiva presidencial parti\u00f3 con destino a Paraguay. El objetivo principal es la firma del acuerdo entre el Mercosur y la Uni\u00f3n Europea (UE), un convenio que el oficialismo califica como un &#8220;triunfo diplom\u00e1tico&#8221; y un pilar para la apertura econ\u00f3mica.<\/p>\n\n\n\n<p>El tratado, que se encontraba estancado desde 2019 por reparos ambientales y proteccionistas de algunos pa\u00edses europeos, se destrab\u00f3 finalmente el pasado 9 de enero, cuando el Consejo Europeo dio luz verde para avanzar.<\/p>\n\n\n\n<p>Los beneficios para Argentina<br>Seg\u00fan detall\u00f3 el canciller Pablo Quirno, el acuerdo tendr\u00e1 un impacto inmediato en el sector productivo local:<\/p>\n\n\n\n<p>Aranceles cero: La UE eliminar\u00e1 aranceles para el 92% de las exportaciones argentinas.<br>Acceso preferencial: Se otorgar\u00e1 acceso especial a otro 7,5% de los productos nacionales.<br>Impacto agr\u00edcola: El tratado beneficia al 99% de las exportaciones agr\u00edcolas del bloque regional, sector clave para el ingreso de divisas.<br>Asunci\u00f3n y el respaldo a Santiago Pe\u00f1a<br>En el plano pol\u00edtico regional, la visita de Milei a Asunci\u00f3n sirve para acompa\u00f1ar al presidente paraguayo, Santiago Pe\u00f1a, en el traspaso de la presidencia pro t\u00e9mpore del Mercosur. Ambos mandatarios comparten una visi\u00f3n de flexibilizaci\u00f3n del bloque que busca dinamizar el comercio bilateral por fuera de las estructuras tradicionales.<\/p>\n\n\n\n<p>&nbsp;<br>PR\u00d3XIMA ESCALA: DAVOS 2026<br>Tras concluir las actividades en Paraguay, la delegaci\u00f3n volar\u00e1 este domingo hacia Suiza. Entre el 19 y el 23 de enero, Milei participar\u00e1 del Foro Econ\u00f3mico Mundial, escenario donde ya tuvo una destacada y viral participaci\u00f3n en el pasado.<\/p>\n\n\n\n<p>La agenda en Suiza:<\/p>\n\n\n\n<p>Exposici\u00f3n central: El mandatario disertar\u00e1 sobre libre mercado y desregulaci\u00f3n estatal.<br>Reuniones bilaterales: Se prev\u00e9n encuentros con l\u00edderes pol\u00edticos y CEOs de corporaciones multinacionales interesados en el proceso de inversiones en Argentina.<br>Captaci\u00f3n de capitales: El objetivo es consolidar el inter\u00e9s internacional tras la firma del acuerdo con la UE.<br>Nota importante: Pese a la firma en Asunci\u00f3n, el acuerdo a\u00fan requiere un paso legal final: la ratificaci\u00f3n por parte de los parlamentos de cada uno de los pa\u00edses miembros de ambos bloques para entrar plenamente en vigencia.<\/p>\n","protected":false},"excerpt":{"rendered":"<p>El presidente Javier Milei encabeza este s\u00e1bado una jornada hist\u00f3rica en Asunci\u00f3n para formalizar el tratado de libre comercio que tom\u00f3 m\u00e1s de 20 a\u00f1os&hellip; <\/p>\n","protected":false},"author":2,"featured_media":35694,"comment_status":"open","ping_status":"open","sticky":false,"template":"","format":"standard","meta":{"footnotes":""},"categories":[9,13],"tags":[],"class_list":["post-35693","post","type-post","status-publish","format-standard","has-post-thumbnail","hentry","category-destacadas","category-nacionales"],"_links":{"self":[{"href":"https:\/\/lametro989.com\/index.php?rest_route=\/wp\/v2\/posts\/35693","targetHints":{"allow":["GET"]}}],"collection":[{"href":"https:\/\/lametro989.com\/index.php?rest_route=\/wp\/v2\/posts"}],"about":[{"href":"https:\/\/lametro989.com\/index.php?rest_route=\/wp\/v2\/types\/post"}],"author":[{"embeddable":true,"href":"https:\/\/lametro989.com\/index.php?rest_route=\/wp\/v2\/users\/2"}],"replies":[{"embeddable":true,"href":"https:\/\/lametro989.com\/index.php?rest_route=%2Fwp%2Fv2%2Fcomments&post=35693"}],"version-history":[{"count":1,"href":"https:\/\/lametro989.com\/index.php?rest_route=\/wp\/v2\/posts\/35693\/revisions"}],"predecessor-version":[{"id":35695,"href":"https:\/\/lametro989.com\/index.php?rest_route=\/wp\/v2\/posts\/35693\/revisions\/35695"}],"wp:featuredmedia":[{"embeddable":true,"href":"https:\/\/lametro989.com\/index.php?rest_route=\/wp\/v2\/media\/35694"}],"wp:attachment":[{"href":"https:\/\/lametro989.com\/index.php?rest_route=%2Fwp%2Fv2%2Fmedia&parent=35693"}],"wp:term":[{"taxonomy":"category","embeddable":true,"href":"https:\/\/lametro989.com\/index.php?rest_route=%2Fwp%2Fv2%2Fcategories&post=35693"},{"taxonomy":"post_tag","embeddable":true,"href":"https:\/\/lametro989.com\/index.php?rest_route=%2Fwp%2Fv2%2Ftags&post=35693"}],"curies":[{"name":"wp","href":"https:\/\/api.w.org\/{rel}","templated":true}]}}