{"id":35696,"date":"2026-01-17T17:15:17","date_gmt":"2026-01-17T20:15:17","guid":{"rendered":"https:\/\/lametro989.com\/?p=35696"},"modified":"2026-01-17T17:15:17","modified_gmt":"2026-01-17T20:15:17","slug":"el-insssep-normalizo-el-sistema-tras-un-error-que-mostraba-a-docentes-como-afiliados-inactivos","status":"publish","type":"post","link":"https:\/\/lametro989.com\/?p=35696","title":{"rendered":"El Insssep normaliz\u00f3 el sistema tras un error que mostraba a docentes como afiliados &#8220;inactivos&#8221;"},"content":{"rendered":"\n<p>El Instituto de Seguridad Social, Seguros y Pr\u00e9stamos aclar\u00f3 que la situaci\u00f3n fue producto de una actualizaci\u00f3n en la base de datos de afiliaciones. Desde el organismo aseguraron que el inconveniente ya fue resuelto por el \u00e1rea de Sistemas y que, a pesar del error visual en las consultas, no se interrumpieron los servicios ni se perdieron derechos prestacionales.<\/p>\n\n\n\n<figure class=\"wp-block-image size-full\"><img loading=\"lazy\" decoding=\"async\" width=\"850\" height=\"478\" src=\"https:\/\/lametro989.com\/wp-content\/uploads\/2026\/01\/43666w850h478c.jpg.webp\" alt=\"\" class=\"wp-image-35697\" srcset=\"https:\/\/lametro989.com\/wp-content\/uploads\/2026\/01\/43666w850h478c.jpg.webp 850w, https:\/\/lametro989.com\/wp-content\/uploads\/2026\/01\/43666w850h478c.jpg-300x169.webp 300w, https:\/\/lametro989.com\/wp-content\/uploads\/2026\/01\/43666w850h478c.jpg-768x432.webp 768w\" sizes=\"auto, (max-width: 850px) 100vw, 850px\" \/><\/figure>\n\n\n\n<p>Tras la preocupaci\u00f3n manifestada por un sector de trabajadores de la educaci\u00f3n, el Insssep emiti\u00f3 un comunicado oficial este s\u00e1bado 17 de enero de 2026 para llevar tranquilidad a sus beneficiarios. El organismo explic\u00f3 que la aparici\u00f3n de estados &#8220;inactivos&#8221; en el padr\u00f3n de algunos docentes se debi\u00f3 exclusivamente a tareas de mantenimiento y modernizaci\u00f3n del sistema inform\u00e1tico.<\/p>\n\n\n\n<p>Desde el Instituto remarcaron que el \u00c1rea de Sistemas trabaj\u00f3 de manera inmediata para subsanar el error t\u00e9cnico. Seg\u00fan informaron, el estado de las afiliaciones ya se encuentra restablecido con normalidad, permitiendo el acceso habitual a las \u00f3rdenes de consulta, farmacia y pr\u00e1cticas m\u00e9dicas.<\/p>\n\n\n\n<p>Garant\u00eda de servicios<br>El Insssep fue enf\u00e1tico al se\u00f1alar que, aunque el sistema mostrara una irregularidad temporal, la cobertura de salud nunca estuvo en riesgo.<\/p>\n\n\n\n<p>Car\u00e1cter transitorio: El error fue moment\u00e1neo y se limit\u00f3 a la visualizaci\u00f3n de los datos.<br>Sin p\u00e9rdida de derechos: Ning\u00fan afiliado docente perdi\u00f3 su condici\u00f3n de beneficiario ni sufri\u00f3 la interrupci\u00f3n de tratamientos o cirug\u00edas programadas.<br>Restablecimiento total: Los datos ya impactan correctamente en la plataforma de consulta para prestadores y farmacias.<\/p>\n","protected":false},"excerpt":{"rendered":"<p>El Instituto de Seguridad Social, Seguros y Pr\u00e9stamos aclar\u00f3 que la situaci\u00f3n fue producto de una actualizaci\u00f3n en la base de datos de afiliaciones. Desde&hellip; <\/p>\n","protected":false},"author":2,"featured_media":35697,"comment_status":"open","ping_status":"open","sticky":false,"template":"","format":"standard","meta":{"footnotes":""},"categories":[9,2],"tags":[],"class_list":["post-35696","post","type-post","status-publish","format-standard","has-post-thumbnail","hentry","category-destacadas","category-provinciales"],"_links":{"self":[{"href":"https:\/\/lametro989.com\/index.php?rest_route=\/wp\/v2\/posts\/35696","targetHints":{"allow":["GET"]}}],"collection":[{"href":"https:\/\/lametro989.com\/index.php?rest_route=\/wp\/v2\/posts"}],"about":[{"href":"https:\/\/lametro989.com\/index.php?rest_route=\/wp\/v2\/types\/post"}],"author":[{"embeddable":true,"href":"https:\/\/lametro989.com\/index.php?rest_route=\/wp\/v2\/users\/2"}],"replies":[{"embeddable":true,"href":"https:\/\/lametro989.com\/index.php?rest_route=%2Fwp%2Fv2%2Fcomments&post=35696"}],"version-history":[{"count":1,"href":"https:\/\/lametro989.com\/index.php?rest_route=\/wp\/v2\/posts\/35696\/revisions"}],"predecessor-version":[{"id":35698,"href":"https:\/\/lametro989.com\/index.php?rest_route=\/wp\/v2\/posts\/35696\/revisions\/35698"}],"wp:featuredmedia":[{"embeddable":true,"href":"https:\/\/lametro989.com\/index.php?rest_route=\/wp\/v2\/media\/35697"}],"wp:attachment":[{"href":"https:\/\/lametro989.com\/index.php?rest_route=%2Fwp%2Fv2%2Fmedia&parent=35696"}],"wp:term":[{"taxonomy":"category","embeddable":true,"href":"https:\/\/lametro989.com\/index.php?rest_route=%2Fwp%2Fv2%2Fcategories&post=35696"},{"taxonomy":"post_tag","embeddable":true,"href":"https:\/\/lametro989.com\/index.php?rest_route=%2Fwp%2Fv2%2Ftags&post=35696"}],"curies":[{"name":"wp","href":"https:\/\/api.w.org\/{rel}","templated":true}]}}