{"id":35743,"date":"2026-01-20T10:21:18","date_gmt":"2026-01-20T13:21:18","guid":{"rendered":"https:\/\/lametro989.com\/?p=35743"},"modified":"2026-01-20T10:38:05","modified_gmt":"2026-01-20T13:38:05","slug":"recuperaron-mas-de-34-millones-enviados-por-error-en-una-transferencia-bancaria","status":"publish","type":"post","link":"https:\/\/lametro989.com\/?p=35743","title":{"rendered":"lo confirm\u00f3 Gobierno"},"content":{"rendered":"\n<h1 class=\"wp-block-heading\">La TV P\u00fablica transmitir\u00e1 los partidos de la Selecci\u00f3n Argentina durante el Mundial 2026<\/h1>\n\n\n\n<p>Seg\u00fan el Gobierno nacional, se trata de un acuerdo comercial que permitir\u00e1 garantizar el acceso gratuito sin utilizar fondos provenientes de los impuestos.<\/p>\n\n\n\n<p>19 de Enero, 2026<\/p>\n\n\n\n<figure class=\"wp-block-image size-full\"><img loading=\"lazy\" decoding=\"async\" width=\"850\" height=\"476\" src=\"https:\/\/lametro989.com\/wp-content\/uploads\/2026\/01\/MESSI.webp\" alt=\"\" class=\"wp-image-35756\" srcset=\"https:\/\/lametro989.com\/wp-content\/uploads\/2026\/01\/MESSI.webp 850w, https:\/\/lametro989.com\/wp-content\/uploads\/2026\/01\/MESSI-300x168.webp 300w, https:\/\/lametro989.com\/wp-content\/uploads\/2026\/01\/MESSI-768x430.webp 768w\" sizes=\"auto, (max-width: 850px) 100vw, 850px\" \/><\/figure>\n\n\n\n<p>El Gobierno nacional anunci\u00f3 que&nbsp;<strong>la TV P\u00fablica y Radio Nacional transmitir\u00e1n todos los partidos de la Selecci\u00f3n argentina durante el Mundial de F\u00fatbol 2026<\/strong>&nbsp;, que&nbsp;<strong>se disputar\u00e1 entre el 11 de junio y el 19 de julio en Estados Unidos<\/strong>,&nbsp;<strong>Canad\u00e1 y M\u00e9xico.<\/strong>&nbsp;Seg\u00fan informaron desde el Ejecutivo, los derechos de transmisi\u00f3n se obtuvieron mediante un acuerdo comercial y no implicar\u00e1n el uso de fondos p\u00fablicos.<\/p>\n\n\n\n<p>El jefe de Gabinete, Manuel Adorni, confirm\u00f3 la medida y remarc\u00f3 que el costo de los derechos &#8220;no ser\u00e1 afrontado con el dinero de los impuestos&#8221;. A trav\u00e9s de su cuenta en la red social X, el funcionario se\u00f1al\u00f3:&nbsp;<em>&#8220;La Televisi\u00f3n P\u00fablica y Radio Nacional transmitir\u00e1n todos los partidos de la Selecci\u00f3n Argentina durante la Copa del Mundo 2026. Gracias a un acuerdo comercial, el costo de los derechos de transmisi\u00f3n no ser\u00e1 afrontado con el dinero de los impuestos. Para todos, sin usar la plata de todos. Fin&#8221;.<\/em><\/p>\n\n\n\n<p>Adorni ya hab\u00eda anticipado la decisi\u00f3n a fines de agosto, durante una conferencia de prensa en Casa Rosada, cuando asegur\u00f3 que el Gobierno realizaba gestiones &#8220;para que los argentinos puedan ver el Mundial 2026 de la manera m\u00e1s eficiente posible&#8221;, a trav\u00e9s de los medios p\u00fablicos.<\/p>\n\n\n\n<p>El anuncio fue celebrado por el secretario de Comunicaci\u00f3n y Medios, Javier Lanari, quien tambi\u00e9n se expres\u00f3 en X con cr\u00edticas al kirchnerismo. &#8220;Gran noticia para arrancar la semana. Ahora s\u00ed. F\u00fatbol para todos sin usar la plata de todos. Transparencia y eficiencia en la gesti\u00f3n de recursos p\u00fablicos&#8221;, escribi\u00f3.<\/p>\n\n\n\n<p>El Mundial 2026 marcar\u00e1 varios hitos en la historia del f\u00fatbol.&nbsp;<strong>Ser\u00e1 la primera edici\u00f3n que se dispute en tres pa\u00edses y en 16 ciudades, y tambi\u00e9n la primera en contar con 48 selecciones participantes<\/strong>&nbsp;, frente a las 32 habituales. Adem\u00e1s, ser\u00e1 el torneo m\u00e1s grande jam\u00e1s organizado, con un total de 104 partidos.<\/p>\n\n\n\n<p><strong>La Selecci\u00f3n argentina, dirigida por Lionel Scaloni, debutar\u00e1 el 16 de junio a las 22.00 frente a Argelia, en Kansas City.<\/strong>&nbsp;Luego enfrentar\u00e1 a&nbsp;<strong>Austria el 22 de junio a las 14.00 en Arlington, Texas<\/strong>, y cerrar\u00e1 la fase de grupos ante&nbsp;<strong>Jordania el 27 de junio a las 23.00<\/strong>, nuevamente en Arlington. Todos los encuentros ser\u00e1n transmitidos por la TV P\u00fablica y Radio Nacional.<\/p>\n\n\n\n<p>El partido inaugural del torneo ser\u00e1 el 11 de junio a las 16.00, cuando M\u00e9xico enfrente a Sud\u00e1frica por el Grupo A en el estadio Ciudad de M\u00e9xico. La final se disputar\u00e1 el 19 de julio en el MetLife Stadium de Nueva York.<\/p>\n","protected":false},"excerpt":{"rendered":"<p>La TV P\u00fablica transmitir\u00e1 los partidos de la Selecci\u00f3n Argentina durante el Mundial 2026 Seg\u00fan el Gobierno nacional, se trata de un acuerdo comercial que&hellip; <\/p>\n","protected":false},"author":2,"featured_media":35756,"comment_status":"open","ping_status":"open","sticky":false,"template":"","format":"standard","meta":{"footnotes":""},"categories":[10,9],"tags":[],"class_list":["post-35743","post","type-post","status-publish","format-standard","has-post-thumbnail","hentry","category-deportes","category-destacadas"],"_links":{"self":[{"href":"https:\/\/lametro989.com\/index.php?rest_route=\/wp\/v2\/posts\/35743","targetHints":{"allow":["GET"]}}],"collection":[{"href":"https:\/\/lametro989.com\/index.php?rest_route=\/wp\/v2\/posts"}],"about":[{"href":"https:\/\/lametro989.com\/index.php?rest_route=\/wp\/v2\/types\/post"}],"author":[{"embeddable":true,"href":"https:\/\/lametro989.com\/index.php?rest_route=\/wp\/v2\/users\/2"}],"replies":[{"embeddable":true,"href":"https:\/\/lametro989.com\/index.php?rest_route=%2Fwp%2Fv2%2Fcomments&post=35743"}],"version-history":[{"count":6,"href":"https:\/\/lametro989.com\/index.php?rest_route=\/wp\/v2\/posts\/35743\/revisions"}],"predecessor-version":[{"id":35749,"href":"https:\/\/lametro989.com\/index.php?rest_route=\/wp\/v2\/posts\/35743\/revisions\/35749"}],"wp:featuredmedia":[{"embeddable":true,"href":"https:\/\/lametro989.com\/index.php?rest_route=\/wp\/v2\/media\/35756"}],"wp:attachment":[{"href":"https:\/\/lametro989.com\/index.php?rest_route=%2Fwp%2Fv2%2Fmedia&parent=35743"}],"wp:term":[{"taxonomy":"category","embeddable":true,"href":"https:\/\/lametro989.com\/index.php?rest_route=%2Fwp%2Fv2%2Fcategories&post=35743"},{"taxonomy":"post_tag","embeddable":true,"href":"https:\/\/lametro989.com\/index.php?rest_route=%2Fwp%2Fv2%2Ftags&post=35743"}],"curies":[{"name":"wp","href":"https:\/\/api.w.org\/{rel}","templated":true}]}}