{"id":35758,"date":"2026-01-21T16:35:13","date_gmt":"2026-01-21T19:35:13","guid":{"rendered":"https:\/\/lametro989.com\/?p=35758"},"modified":"2026-01-21T16:35:13","modified_gmt":"2026-01-21T19:35:13","slug":"en-formosa-2","status":"publish","type":"post","link":"https:\/\/lametro989.com\/?p=35758","title":{"rendered":"EN FORMOSA"},"content":{"rendered":"\n<h1 class=\"wp-block-heading\">Secuestraron mercader\u00eda de contrabando valuada en m\u00e1s de 11 millones de pesos<\/h1>\n\n\n\n<p>El personal policial advirti\u00f3 la presencia de varios bultos en las inmediaciones del puesto de la empresa de encomiendas V\u00eda Cargo, en la terminal de \u00f3mnibus.<\/p>\n\n\n\n<figure class=\"wp-block-image size-full is-resized\"><img loading=\"lazy\" decoding=\"async\" width=\"589\" height=\"307\" src=\"https:\/\/lametro989.com\/wp-content\/uploads\/2026\/01\/secuestro.webp\" alt=\"\" class=\"wp-image-35759\" style=\"width:589px;height:auto\" srcset=\"https:\/\/lametro989.com\/wp-content\/uploads\/2026\/01\/secuestro.webp 589w, https:\/\/lametro989.com\/wp-content\/uploads\/2026\/01\/secuestro-300x156.webp 300w\" sizes=\"auto, (max-width: 589px) 100vw, 589px\" \/><\/figure>\n\n\n\n<h3 class=\"wp-block-heading\"><strong>En el marco de un operativo realizado por la Polic\u00eda Federal Argentina (PFA), se logr\u00f3 el secuestro de mercader\u00eda ilegal valuada en m\u00e1s de once millones de pesos.<\/strong>&nbsp;<\/h3>\n\n\n\n<p><strong>El procedimiento tuvo lugar este martes 20, en horas de la tarde<\/strong>, cuando efectivos de la Divisi\u00f3n Unidad Operativa Federal Formosa llevaban a cabo recorridas preventivas y de represi\u00f3n de delitos de \u00edndole federal,<strong>&nbsp;en la Terminal de \u00d3mnibus de la ciudad de Formosa.<\/strong><\/p>\n\n\n\n<p><a href=\"https:\/\/www.youtube.com\/@datachacostream\/streams\" target=\"_blank\" rel=\"noreferrer noopener\"><\/a><\/p>\n\n\n\n<p>Durante el patrullaje,&nbsp;<strong>el personal policial advirti\u00f3 la presencia de varios bultos en las inmediaciones del puesto de la empresa de encomiendas V\u00eda Cargo.<\/strong>&nbsp;Por sus dimensiones y el tipo de embalaje, los mismos resultaban compatibles con los utilizados habitualmente para el transporte de mercader\u00eda de origen ilegal.<\/p>\n\n\n\n<p>Tras realizar la inspecci\u00f3n correspondiente, se constat\u00f3 que&nbsp;<strong>se trataba de cajas de cigarrillos en presunta infracci\u00f3n a la Ley 22.415 (C\u00f3digo Aduanero), careciendo de la documentaci\u00f3n que acreditara su legal ingreso al pa\u00eds. El valor estimado de la mercader\u00eda secuestrada asciende a $11.150.500.<\/strong><\/p>\n\n\n\n<p>Intervino en la causa la Unidad Fiscal Formosa, a cargo del Auxiliar Fiscal Marcelo Quiroga, quien dispuso el secuestro de la totalidad de los elementos hallados.<\/p>\n","protected":false},"excerpt":{"rendered":"<p>Secuestraron mercader\u00eda de contrabando valuada en m\u00e1s de 11 millones de pesos El personal policial advirti\u00f3 la presencia de varios bultos en las inmediaciones del&hellip; <\/p>\n","protected":false},"author":2,"featured_media":35759,"comment_status":"open","ping_status":"open","sticky":false,"template":"","format":"standard","meta":{"footnotes":""},"categories":[9,26],"tags":[],"class_list":["post-35758","post","type-post","status-publish","format-standard","has-post-thumbnail","hentry","category-destacadas","category-policiales"],"_links":{"self":[{"href":"https:\/\/lametro989.com\/index.php?rest_route=\/wp\/v2\/posts\/35758","targetHints":{"allow":["GET"]}}],"collection":[{"href":"https:\/\/lametro989.com\/index.php?rest_route=\/wp\/v2\/posts"}],"about":[{"href":"https:\/\/lametro989.com\/index.php?rest_route=\/wp\/v2\/types\/post"}],"author":[{"embeddable":true,"href":"https:\/\/lametro989.com\/index.php?rest_route=\/wp\/v2\/users\/2"}],"replies":[{"embeddable":true,"href":"https:\/\/lametro989.com\/index.php?rest_route=%2Fwp%2Fv2%2Fcomments&post=35758"}],"version-history":[{"count":1,"href":"https:\/\/lametro989.com\/index.php?rest_route=\/wp\/v2\/posts\/35758\/revisions"}],"predecessor-version":[{"id":35760,"href":"https:\/\/lametro989.com\/index.php?rest_route=\/wp\/v2\/posts\/35758\/revisions\/35760"}],"wp:featuredmedia":[{"embeddable":true,"href":"https:\/\/lametro989.com\/index.php?rest_route=\/wp\/v2\/media\/35759"}],"wp:attachment":[{"href":"https:\/\/lametro989.com\/index.php?rest_route=%2Fwp%2Fv2%2Fmedia&parent=35758"}],"wp:term":[{"taxonomy":"category","embeddable":true,"href":"https:\/\/lametro989.com\/index.php?rest_route=%2Fwp%2Fv2%2Fcategories&post=35758"},{"taxonomy":"post_tag","embeddable":true,"href":"https:\/\/lametro989.com\/index.php?rest_route=%2Fwp%2Fv2%2Ftags&post=35758"}],"curies":[{"name":"wp","href":"https:\/\/api.w.org\/{rel}","templated":true}]}}