{"id":35768,"date":"2026-01-21T16:42:29","date_gmt":"2026-01-21T19:42:29","guid":{"rendered":"https:\/\/lametro989.com\/?p=35768"},"modified":"2026-01-21T16:42:29","modified_gmt":"2026-01-21T19:42:29","slug":"formula-1-3","status":"publish","type":"post","link":"https:\/\/lametro989.com\/?p=35768","title":{"rendered":"F\u00f3rmula 1"},"content":{"rendered":"\n<h1 class=\"wp-block-heading\">Colapinto hizo una prueba con un monoplaza de versiones anteriores<\/h1>\n\n\n\n<p>El argentino hizo una prueba privada en Barcelona, con un coche de dos a\u00f1os de antig\u00fcedad, seg\u00fan indica el Test of Previous Cars.&nbsp;<\/p>\n\n\n\n<figure class=\"wp-block-image size-full\"><img loading=\"lazy\" decoding=\"async\" width=\"850\" height=\"478\" src=\"https:\/\/lametro989.com\/wp-content\/uploads\/2026\/01\/9557w850h478c.jpg.webp\" alt=\"\" class=\"wp-image-35769\" srcset=\"https:\/\/lametro989.com\/wp-content\/uploads\/2026\/01\/9557w850h478c.jpg.webp 850w, https:\/\/lametro989.com\/wp-content\/uploads\/2026\/01\/9557w850h478c.jpg-300x169.webp 300w, https:\/\/lametro989.com\/wp-content\/uploads\/2026\/01\/9557w850h478c.jpg-768x432.webp 768w\" sizes=\"auto, (max-width: 850px) 100vw, 850px\" \/><\/figure>\n\n\n\n<p>El argentino Franco Colapinto, piloto de Alpine, sali\u00f3 a la pista con un monoplaza de al menos dos a\u00f1os de antig\u00fcedad, tal como lo indica el Test de Autos Previos. El ensayo se hizo en Barcelona, en la previa de la presentaci\u00f3n del A-526 de Alpine, que rodar\u00e1 en la pr\u00f3xima temporada.<\/p>\n\n\n\n<p>La actividad oficial de la F\u00f3rmula 1 comenzar\u00e1 el 26 de enero y se extender\u00e1 hasta el viernes 30, con los tests privados en Barcelona. El objetivo de esto ser\u00e1 que las escuder\u00edas saquen todos los datos posibles sobre los veh\u00edculos que usar\u00e1n en el 2026, los cuales sufrir\u00e1n grandes cambios en relaci\u00f3n con los del a\u00f1o anterior. Por su parte, Alpine no revel\u00f3 c\u00f3mo ser\u00e1 su agenda de trabajo.&nbsp;<\/p>\n\n\n\n<p>En cuanto a la presentaci\u00f3n del A-526, la escuder\u00eda francesa har\u00e1 el acto en una embarcaci\u00f3n a mar abierto, ya que uno de los principales sponsors se dedica a los viajes por el oc\u00e9ano, motivo por el que tambi\u00e9n habr\u00e1 m\u00e1s color azul que rosa en el coche de este a\u00f1o.&nbsp;<\/p>\n\n\n\n<p>Adem\u00e1s, Alpine tendr\u00eda en sus planes realizar un filming day, es decir, d\u00eda de grabaci\u00f3n, lo cual deber\u00e1 cumplirse antes de que arranquen los ensayos en Barcelona, entre el 24 y 25 de enero.&nbsp;<\/p>\n","protected":false},"excerpt":{"rendered":"<p>Colapinto hizo una prueba con un monoplaza de versiones anteriores El argentino hizo una prueba privada en Barcelona, con un coche de dos a\u00f1os de&hellip; <\/p>\n","protected":false},"author":2,"featured_media":35769,"comment_status":"open","ping_status":"open","sticky":false,"template":"","format":"standard","meta":{"footnotes":""},"categories":[10,9],"tags":[],"class_list":["post-35768","post","type-post","status-publish","format-standard","has-post-thumbnail","hentry","category-deportes","category-destacadas"],"_links":{"self":[{"href":"https:\/\/lametro989.com\/index.php?rest_route=\/wp\/v2\/posts\/35768","targetHints":{"allow":["GET"]}}],"collection":[{"href":"https:\/\/lametro989.com\/index.php?rest_route=\/wp\/v2\/posts"}],"about":[{"href":"https:\/\/lametro989.com\/index.php?rest_route=\/wp\/v2\/types\/post"}],"author":[{"embeddable":true,"href":"https:\/\/lametro989.com\/index.php?rest_route=\/wp\/v2\/users\/2"}],"replies":[{"embeddable":true,"href":"https:\/\/lametro989.com\/index.php?rest_route=%2Fwp%2Fv2%2Fcomments&post=35768"}],"version-history":[{"count":1,"href":"https:\/\/lametro989.com\/index.php?rest_route=\/wp\/v2\/posts\/35768\/revisions"}],"predecessor-version":[{"id":35770,"href":"https:\/\/lametro989.com\/index.php?rest_route=\/wp\/v2\/posts\/35768\/revisions\/35770"}],"wp:featuredmedia":[{"embeddable":true,"href":"https:\/\/lametro989.com\/index.php?rest_route=\/wp\/v2\/media\/35769"}],"wp:attachment":[{"href":"https:\/\/lametro989.com\/index.php?rest_route=%2Fwp%2Fv2%2Fmedia&parent=35768"}],"wp:term":[{"taxonomy":"category","embeddable":true,"href":"https:\/\/lametro989.com\/index.php?rest_route=%2Fwp%2Fv2%2Fcategories&post=35768"},{"taxonomy":"post_tag","embeddable":true,"href":"https:\/\/lametro989.com\/index.php?rest_route=%2Fwp%2Fv2%2Ftags&post=35768"}],"curies":[{"name":"wp","href":"https:\/\/api.w.org\/{rel}","templated":true}]}}