{"id":35771,"date":"2026-01-21T16:44:56","date_gmt":"2026-01-21T19:44:56","guid":{"rendered":"https:\/\/lametro989.com\/?p=35771"},"modified":"2026-01-21T16:44:56","modified_gmt":"2026-01-21T19:44:56","slug":"21-de-enero","status":"publish","type":"post","link":"https:\/\/lametro989.com\/?p=35771","title":{"rendered":"21 DE ENERO"},"content":{"rendered":"\n<h1 class=\"wp-block-heading\">\u00bfPor qu\u00e9 hoy se celebra el D\u00eda Internacional del Abrazo?<\/h1>\n\n\n\n<p>Kevin Zaborney, un psic\u00f3logo preocupado por la falta de demostraciones de afecto en la sociedad estadounidense, instaur\u00f3 esta fecha en 1986.<\/p>\n\n\n\n<figure class=\"wp-block-image size-full\"><img loading=\"lazy\" decoding=\"async\" width=\"850\" height=\"638\" src=\"https:\/\/lametro989.com\/wp-content\/uploads\/2026\/01\/173369w850h638c.jpg.webp\" alt=\"\" class=\"wp-image-35772\" srcset=\"https:\/\/lametro989.com\/wp-content\/uploads\/2026\/01\/173369w850h638c.jpg.webp 850w, https:\/\/lametro989.com\/wp-content\/uploads\/2026\/01\/173369w850h638c.jpg-300x225.webp 300w, https:\/\/lametro989.com\/wp-content\/uploads\/2026\/01\/173369w850h638c.jpg-768x576.webp 768w\" sizes=\"auto, (max-width: 850px) 100vw, 850px\" \/><\/figure>\n\n\n\n<h3 class=\"wp-block-heading\"><strong>Cada 21 de enero se celebra el D\u00eda Internacional del Abrazo, para recordar la importancia del contacto f\u00edsico y el afecto en la construcci\u00f3n de sociedades m\u00e1s emp\u00e1ticas y saludables a nivel mundial.<\/strong>&nbsp;<\/h3>\n\n\n\n<p><strong>Su origen se encuentra en la d\u00e9cada de 1980 en Estados Unidos,<\/strong>&nbsp;espec\u00edficamente en la localidad de Clio, Michigan. All\u00ed, Kevin Zaborney, un psic\u00f3logo preocupado por la falta de demostraciones de afecto en la sociedad estadounidense, instaur\u00f3 esta fecha en 1986.<\/p>\n\n\n\n<p><a href=\"https:\/\/www.youtube.com\/@datachacostream\/streams\" target=\"_blank\" rel=\"noreferrer noopener\"><\/a><\/p>\n\n\n\n<p>Sin dudas,&nbsp;<strong>Zaborney observ\u00f3 que el periodo comprendido entre las festividades de fin de a\u00f1o y el D\u00eda de San Valent\u00edn sol\u00eda ser una \u00e9poca de bajo \u00e1nimo y soledad.<\/strong>&nbsp;Su objetivo era incentivar a la poblaci\u00f3n a ofrecer una muestra de apoyo y calidez humana a familiares y amigos en un momento del a\u00f1o donde los niveles de estr\u00e9s suelen ser elevados.<\/p>\n\n\n\n<p>Aunque, con el paso de las d\u00e9cadas, la celebraci\u00f3n trascendi\u00f3 las fronteras norteamericanas gracias a su inclusi\u00f3n en los calendarios de eventos internacionales y la difusi\u00f3n de organizaciones de salud mental.<\/p>\n\n\n\n<p><strong>El d\u00eda elegido, el 21 de enero, se sit\u00faa en el invierno del hemisferio norte, donde el fr\u00edo suele impactar en el bienestar.<\/strong><\/p>\n","protected":false},"excerpt":{"rendered":"<p>\u00bfPor qu\u00e9 hoy se celebra el D\u00eda Internacional del Abrazo? Kevin Zaborney, un psic\u00f3logo preocupado por la falta de demostraciones de afecto en la sociedad&hellip; <\/p>\n","protected":false},"author":2,"featured_media":35772,"comment_status":"open","ping_status":"open","sticky":false,"template":"","format":"standard","meta":{"footnotes":""},"categories":[27,9],"tags":[],"class_list":["post-35771","post","type-post","status-publish","format-standard","has-post-thumbnail","hentry","category-actualidad","category-destacadas"],"_links":{"self":[{"href":"https:\/\/lametro989.com\/index.php?rest_route=\/wp\/v2\/posts\/35771","targetHints":{"allow":["GET"]}}],"collection":[{"href":"https:\/\/lametro989.com\/index.php?rest_route=\/wp\/v2\/posts"}],"about":[{"href":"https:\/\/lametro989.com\/index.php?rest_route=\/wp\/v2\/types\/post"}],"author":[{"embeddable":true,"href":"https:\/\/lametro989.com\/index.php?rest_route=\/wp\/v2\/users\/2"}],"replies":[{"embeddable":true,"href":"https:\/\/lametro989.com\/index.php?rest_route=%2Fwp%2Fv2%2Fcomments&post=35771"}],"version-history":[{"count":1,"href":"https:\/\/lametro989.com\/index.php?rest_route=\/wp\/v2\/posts\/35771\/revisions"}],"predecessor-version":[{"id":35773,"href":"https:\/\/lametro989.com\/index.php?rest_route=\/wp\/v2\/posts\/35771\/revisions\/35773"}],"wp:featuredmedia":[{"embeddable":true,"href":"https:\/\/lametro989.com\/index.php?rest_route=\/wp\/v2\/media\/35772"}],"wp:attachment":[{"href":"https:\/\/lametro989.com\/index.php?rest_route=%2Fwp%2Fv2%2Fmedia&parent=35771"}],"wp:term":[{"taxonomy":"category","embeddable":true,"href":"https:\/\/lametro989.com\/index.php?rest_route=%2Fwp%2Fv2%2Fcategories&post=35771"},{"taxonomy":"post_tag","embeddable":true,"href":"https:\/\/lametro989.com\/index.php?rest_route=%2Fwp%2Fv2%2Ftags&post=35771"}],"curies":[{"name":"wp","href":"https:\/\/api.w.org\/{rel}","templated":true}]}}