{"id":35774,"date":"2026-01-21T16:47:04","date_gmt":"2026-01-21T19:47:04","guid":{"rendered":"https:\/\/lametro989.com\/?p=35774"},"modified":"2026-01-21T16:47:04","modified_gmt":"2026-01-21T19:47:04","slug":"en-mendoza","status":"publish","type":"post","link":"https:\/\/lametro989.com\/?p=35774","title":{"rendered":"EN MENDOZA"},"content":{"rendered":"\n<h1 class=\"wp-block-heading\">Confirman la primera muerte por la variante H3N2 de la Gripe A<\/h1>\n\n\n\n<p>Se trata de un hombre de 74 a\u00f1os, de nacionalidad espa\u00f1ola, que hab\u00eda llegado al pa\u00eds para pasar las fiestas y debi\u00f3 ser internado, tras desarrollar un cuadro respiratorio grave.<\/p>\n\n\n\n<figure class=\"wp-block-image size-full\"><img loading=\"lazy\" decoding=\"async\" width=\"790\" height=\"527\" src=\"https:\/\/lametro989.com\/wp-content\/uploads\/2026\/01\/185951w790h527c.jpg.webp\" alt=\"\" class=\"wp-image-35775\" srcset=\"https:\/\/lametro989.com\/wp-content\/uploads\/2026\/01\/185951w790h527c.jpg.webp 790w, https:\/\/lametro989.com\/wp-content\/uploads\/2026\/01\/185951w790h527c.jpg-300x200.webp 300w, https:\/\/lametro989.com\/wp-content\/uploads\/2026\/01\/185951w790h527c.jpg-768x512.webp 768w\" sizes=\"auto, (max-width: 790px) 100vw, 790px\" \/><\/figure>\n\n\n\n<h3 class=\"wp-block-heading\"><strong>Seg\u00fan datos oficiales difundidos en el \u00faltimo Bolet\u00edn Epidemiol\u00f3gico Nacional (BEN), la circulaci\u00f3n de una nueva variante de la gripe A (H3N2) muestra un crecimiento acelerado en Argentina. En apenas siete d\u00edas, los contagios confirmados se duplicaron y la presencia del virus se extendi\u00f3 a 14 provincias.<\/strong>&nbsp;<\/h3>\n\n\n\n<p>Los an\u00e1lisis gen\u00f3micos realizados por el Instituto Malbr\u00e1n y comunicados por el Ministerio de Salud de la Naci\u00f3n&nbsp;<strong>confirmaron 28 casos del subclado K<\/strong>, una de las variantes actualmente bajo seguimiento por su potencial gravedad cl\u00ednica.<\/p>\n\n\n\n<p><a href=\"https:\/\/www.youtube.com\/@datachacostream\/streams\" target=\"_blank\" rel=\"noreferrer noopener\"><\/a><\/p>\n\n\n\n<p><strong>El reporte tambi\u00e9n inform\u00f3 la primera muerte asociada a esta cepa en el pa\u00eds, registrada en Mendoza.&nbsp;<\/strong>La misma corresponde a un<strong>&nbsp;hombre de 74 a\u00f1os, de nacionalidad espa\u00f1ola, que hab\u00eda llegado al pa\u00eds para pasar las fiestas y debi\u00f3 ser internado tras desarrollar un cuadro respiratorio grave.<\/strong>&nbsp;<\/p>\n\n\n\n<p><strong>Hasta el informe anterior, los casos confirmados eran 11 en cinco provincias.<\/strong>\u00a0El nuevo relevamiento incorpor\u00f3 13 contagios adicionales y sum\u00f3 ocho jurisdicciones al mapa de circulaci\u00f3n viral, lo que representa un incremento superior al 100% en apenas una semana.<\/p>\n\n\n\n<figure class=\"wp-block-image size-full\"><img loading=\"lazy\" decoding=\"async\" width=\"850\" height=\"478\" src=\"https:\/\/lametro989.com\/wp-content\/uploads\/2026\/01\/186876w850h478c.jpg-1.webp\" alt=\"\" class=\"wp-image-35776\" srcset=\"https:\/\/lametro989.com\/wp-content\/uploads\/2026\/01\/186876w850h478c.jpg-1.webp 850w, https:\/\/lametro989.com\/wp-content\/uploads\/2026\/01\/186876w850h478c.jpg-1-300x169.webp 300w, https:\/\/lametro989.com\/wp-content\/uploads\/2026\/01\/186876w850h478c.jpg-1-768x432.webp 768w\" sizes=\"auto, (max-width: 850px) 100vw, 850px\" \/><\/figure>\n\n\n\n<p><strong>En total, entre el 18 de diciembre de 2025 y el 16 de enero de 2026 se secuenciaron 50 muestras de influenza A (H3N2).<\/strong>&nbsp;De ese universo, 28 correspondieron al subclado K, mientras que el resto se distribuy\u00f3 entre otras variantes del mismo linaje.<\/p>\n\n\n\n<p>Los casos del subclado K se detectaron en&nbsp;<strong>Buenos Aires, CABA, C\u00f3rdoba, Mendoza, Neuqu\u00e9n, Santa Fe, Entre R\u00edos, Corrientes, La Pampa, La Rioja, R\u00edo Negro, Chubut, Santa Cruz y Tierra del Fuego.<\/strong><\/p>\n\n\n\n<p>Uno de los datos que m\u00e1s preocupa a las autoridades sanitarias es el nivel de severidad:&nbsp;<strong>13 de los 28 pacientes requirieron internaci\u00f3n, una proporci\u00f3n elevada para cuadros gripales estacionales. La mayor\u00eda de los contagios se concentr\u00f3 en personas mayores de 60 a\u00f1os, seguidas por ni\u00f1os menores de 10.<\/strong><\/p>\n\n\n\n<p>En materia de prevenci\u00f3n, el BEN remarc\u00f3 que solo seis personas estaban vacunadas contra la gripe, lo que equivale a apenas el 21% de los casos confirmados con esta variante.<\/p>\n","protected":false},"excerpt":{"rendered":"<p>Confirman la primera muerte por la variante H3N2 de la Gripe A Se trata de un hombre de 74 a\u00f1os, de nacionalidad espa\u00f1ola, que hab\u00eda&hellip; <\/p>\n","protected":false},"author":2,"featured_media":35775,"comment_status":"open","ping_status":"open","sticky":false,"template":"","format":"standard","meta":{"footnotes":""},"categories":[28],"tags":[],"class_list":["post-35774","post","type-post","status-publish","format-standard","has-post-thumbnail","hentry","category-salud"],"_links":{"self":[{"href":"https:\/\/lametro989.com\/index.php?rest_route=\/wp\/v2\/posts\/35774","targetHints":{"allow":["GET"]}}],"collection":[{"href":"https:\/\/lametro989.com\/index.php?rest_route=\/wp\/v2\/posts"}],"about":[{"href":"https:\/\/lametro989.com\/index.php?rest_route=\/wp\/v2\/types\/post"}],"author":[{"embeddable":true,"href":"https:\/\/lametro989.com\/index.php?rest_route=\/wp\/v2\/users\/2"}],"replies":[{"embeddable":true,"href":"https:\/\/lametro989.com\/index.php?rest_route=%2Fwp%2Fv2%2Fcomments&post=35774"}],"version-history":[{"count":1,"href":"https:\/\/lametro989.com\/index.php?rest_route=\/wp\/v2\/posts\/35774\/revisions"}],"predecessor-version":[{"id":35777,"href":"https:\/\/lametro989.com\/index.php?rest_route=\/wp\/v2\/posts\/35774\/revisions\/35777"}],"wp:featuredmedia":[{"embeddable":true,"href":"https:\/\/lametro989.com\/index.php?rest_route=\/wp\/v2\/media\/35775"}],"wp:attachment":[{"href":"https:\/\/lametro989.com\/index.php?rest_route=%2Fwp%2Fv2%2Fmedia&parent=35774"}],"wp:term":[{"taxonomy":"category","embeddable":true,"href":"https:\/\/lametro989.com\/index.php?rest_route=%2Fwp%2Fv2%2Fcategories&post=35774"},{"taxonomy":"post_tag","embeddable":true,"href":"https:\/\/lametro989.com\/index.php?rest_route=%2Fwp%2Fv2%2Ftags&post=35774"}],"curies":[{"name":"wp","href":"https:\/\/api.w.org\/{rel}","templated":true}]}}