{"id":35892,"date":"2026-01-24T18:03:23","date_gmt":"2026-01-24T21:03:23","guid":{"rendered":"https:\/\/lametro989.com\/?p=35892"},"modified":"2026-01-24T18:03:23","modified_gmt":"2026-01-24T21:03:23","slug":"anses-activo-la-ayuda-escolar-2026-de-cuanto-es-el-monto-y-quienes-la-cobran","status":"publish","type":"post","link":"https:\/\/lametro989.com\/?p=35892","title":{"rendered":"ANSES activ\u00f3 la Ayuda Escolar 2026: \u00bfDe cu\u00e1nto es el monto y qui\u00e9nes la cobran?"},"content":{"rendered":"\n<p>Se trata de un refuerzo econ\u00f3mico anual para las familias al inicio del ciclo lectivo.<\/p>\n\n\n\n<figure class=\"wp-block-image size-full\"><img loading=\"lazy\" decoding=\"async\" width=\"850\" height=\"482\" src=\"https:\/\/lametro989.com\/wp-content\/uploads\/2026\/01\/65186w850h482c.png.webp-jpg.webp\" alt=\"\" class=\"wp-image-35893\" srcset=\"https:\/\/lametro989.com\/wp-content\/uploads\/2026\/01\/65186w850h482c.png.webp-jpg.webp 850w, https:\/\/lametro989.com\/wp-content\/uploads\/2026\/01\/65186w850h482c.png.webp-jpg-300x170.webp 300w, https:\/\/lametro989.com\/wp-content\/uploads\/2026\/01\/65186w850h482c.png.webp-jpg-768x436.webp 768w\" sizes=\"auto, (max-width: 850px) 100vw, 850px\" \/><\/figure>\n\n\n\n<p>La Administraci\u00f3n Nacional de la Seguridad Social (ANSES) puso en marcha la inscripci\u00f3n para cobrar la Ayuda Escolar Anual 2026, un refuerzo econ\u00f3mico clave para las familias al inicio del ciclo lectivo.<\/p>\n\n\n\n<p>Esta ayuda est\u00e1 destinada a cada ni\u00f1o, ni\u00f1a o adolescente en edad escolar y se requiere de la presentaci\u00f3n obligatoria de cierta documentaci\u00f3n para acceder al monto fijo.<\/p>\n\n\n\n<p>Se trata de un bono que se deposita de manera autom\u00e1ticamente, siempre y cuando se haya presentado el certificado de alumno regular antes del 31 de diciembre de cada a\u00f1o.<\/p>\n\n\n\n<p>La Ayuda Escolar se cobra una vez al a\u00f1o y tiene un monto fijo de $85.000 por hijo, mism<\/p>\n\n\n\n<p>a cifra que se pag\u00f3 durante el 2025 tras la publicaci\u00f3n del Decreto 63\/2025.<\/p>\n\n\n\n<h2 class=\"wp-block-heading\">\u00bfC\u00f3mo se realiza el tr\u00e1mite?&nbsp;<\/h2>\n\n\n\n<p>Deb\u00e9s presentar el Formulario PS 2.68 (Certificado de Escolaridad). Pod\u00e9s descargarlo desde la web de ANSES o generarlo en la aplicaci\u00f3n Mi ANSES. Luego tenes que llevarlo a la instituci\u00f3n a la que asiste el menor y una vez completado lo cargas en la p\u00e1gina del organismo.&nbsp;<\/p>\n\n\n\n<h2 class=\"wp-block-heading\">\u00bfC\u00f3mo subir el certificado escolar por internet?<br>&nbsp;<\/h2>\n\n\n\n<p>Ingresa a Mi ANSES, secci\u00f3n &#8220;Hijos&#8221;, selecciona &#8220;Presentar Certificado Escolar&#8221;, sub\u00ed una foto clara del formulario PS 2.68 firmado por la escuela y confirma el env\u00edo. Este certificado se presenta una vez por a\u00f1o para cobrarlo en el ciclo lectivo siguiente. El formulario se puede presentar hasta el 31 de diciembre inclusivo, para ser abonado en marzo del a\u00f1o posterior.&nbsp;<\/p>\n\n\n\n<p>Los requisitos para la Ayuda Escolar son los siguientes<br>Del menor: Tener entre 45 d\u00edas y 17 a\u00f1os inclusive<br>Asistir a establecimientos educativos incorporados a la ense\u00f1anza oficial (nivel inicial, primario y secundario)<br>Del menor con discapacidad: Sin l\u00edmite de edad.<br>Asistir a establecimientos (p\u00fablicos o privados) de ense\u00f1anza oficial o especial o recibir apoyo de maestros particulares, o concurrir a talleres protegidos o de formaci\u00f3n laboral, o recibir rehabilitaci\u00f3n<\/p>\n\n\n\n<h2 class=\"wp-block-heading\">Cu\u00e1ndo comienza a pagarse la Ayuda Escolar 2026<\/h2>\n\n\n\n<p>El pago masivo de la Ayuda Escolar 2026 se realizar\u00e1 de forma autom\u00e1tica entre febrero y marzo, junto con el calendario habitual de la Asignaci\u00f3n Universal por Hijo (AUH) o las Asignaciones Familiares (SUAF). El dinero se deposita en la misma cuenta bancaria donde los beneficiarios reciben la asignaci\u00f3n mensual de ANSES.<\/p>\n","protected":false},"excerpt":{"rendered":"<p>Se trata de un refuerzo econ\u00f3mico anual para las familias al inicio del ciclo lectivo. La Administraci\u00f3n Nacional de la Seguridad Social (ANSES) puso en&hellip; <\/p>\n","protected":false},"author":2,"featured_media":35893,"comment_status":"open","ping_status":"open","sticky":false,"template":"","format":"standard","meta":{"footnotes":""},"categories":[9,13],"tags":[],"class_list":["post-35892","post","type-post","status-publish","format-standard","has-post-thumbnail","hentry","category-destacadas","category-nacionales"],"_links":{"self":[{"href":"https:\/\/lametro989.com\/index.php?rest_route=\/wp\/v2\/posts\/35892","targetHints":{"allow":["GET"]}}],"collection":[{"href":"https:\/\/lametro989.com\/index.php?rest_route=\/wp\/v2\/posts"}],"about":[{"href":"https:\/\/lametro989.com\/index.php?rest_route=\/wp\/v2\/types\/post"}],"author":[{"embeddable":true,"href":"https:\/\/lametro989.com\/index.php?rest_route=\/wp\/v2\/users\/2"}],"replies":[{"embeddable":true,"href":"https:\/\/lametro989.com\/index.php?rest_route=%2Fwp%2Fv2%2Fcomments&post=35892"}],"version-history":[{"count":1,"href":"https:\/\/lametro989.com\/index.php?rest_route=\/wp\/v2\/posts\/35892\/revisions"}],"predecessor-version":[{"id":35894,"href":"https:\/\/lametro989.com\/index.php?rest_route=\/wp\/v2\/posts\/35892\/revisions\/35894"}],"wp:featuredmedia":[{"embeddable":true,"href":"https:\/\/lametro989.com\/index.php?rest_route=\/wp\/v2\/media\/35893"}],"wp:attachment":[{"href":"https:\/\/lametro989.com\/index.php?rest_route=%2Fwp%2Fv2%2Fmedia&parent=35892"}],"wp:term":[{"taxonomy":"category","embeddable":true,"href":"https:\/\/lametro989.com\/index.php?rest_route=%2Fwp%2Fv2%2Fcategories&post=35892"},{"taxonomy":"post_tag","embeddable":true,"href":"https:\/\/lametro989.com\/index.php?rest_route=%2Fwp%2Fv2%2Ftags&post=35892"}],"curies":[{"name":"wp","href":"https:\/\/api.w.org\/{rel}","templated":true}]}}