{"id":35895,"date":"2026-01-24T18:06:43","date_gmt":"2026-01-24T21:06:43","guid":{"rendered":"https:\/\/lametro989.com\/?p=35895"},"modified":"2026-01-24T18:06:43","modified_gmt":"2026-01-24T21:06:43","slug":"el-tiempo","status":"publish","type":"post","link":"https:\/\/lametro989.com\/?p=35895","title":{"rendered":"El Tiempo"},"content":{"rendered":"\n<h1 class=\"wp-block-heading\">Calor sofocante y alivio parcial con lluvias previstas para el inicio de la semana<\/h1>\n\n\n\n<p>La Administraci\u00f3n Provincial del Agua anticipa jornadas con altas temperaturas y probabilidad de lluvias entre lunes y martes, mientras los principales r\u00edos de la regi\u00f3n se mantienen muy por debajo de los niveles de alerta.<\/p>\n\n\n\n<figure class=\"wp-block-image size-full\"><img loading=\"lazy\" decoding=\"async\" width=\"790\" height=\"494\" src=\"https:\/\/lametro989.com\/wp-content\/uploads\/2026\/01\/444587w790h494c.jpg.webp\" alt=\"\" class=\"wp-image-35896\" srcset=\"https:\/\/lametro989.com\/wp-content\/uploads\/2026\/01\/444587w790h494c.jpg.webp 790w, https:\/\/lametro989.com\/wp-content\/uploads\/2026\/01\/444587w790h494c.jpg-300x188.webp 300w, https:\/\/lametro989.com\/wp-content\/uploads\/2026\/01\/444587w790h494c.jpg-768x480.webp 768w\" sizes=\"auto, (max-width: 790px) 100vw, 790px\" \/><\/figure>\n\n\n\n<p>La Administraci\u00f3n Provincial del Agua (APA) difundi\u00f3 su informe meteorol\u00f3gico e hidrol\u00f3gico correspondiente al s\u00e1bado 24, elaborado a partir de im\u00e1genes del sat\u00e9lite geoestacionario GOES 16. El reporte advierte sobre un cambio paulatino en las condiciones del tiempo en el Chaco, con predominio del calor y la inestabilidad hacia el inicio de la pr\u00f3xima semana.<\/p>\n\n\n\n<p>De acuerdo al pron\u00f3stico v\u00e1lido hasta el martes 27 de enero, el&nbsp;<strong>domingo 25 s<\/strong>e presentar\u00e1 con cielo despejado, viento del sector Nordeste y temperaturas elevadas, con m\u00ednimas cercanas a los 22 grados y m\u00e1ximas que podr\u00edan alcanzar los 36\u00b0C, configurando una jornada t\u00edpicamente veraniega.<\/p>\n\n\n\n<p>Para el&nbsp;<strong>lunes 26<\/strong>&nbsp;se espera un aumento de la nubosidad y la probabilidad de lluvias y tormentas, especialmente durante la tarde y la noche. El viento soplar\u00e1 del Noreste durante el d\u00eda, rotando al Sur hacia la tarde. Las temperaturas oscilar\u00e1n entre los 23\u00b0C y los 34\u00b0C.<\/p>\n\n\n\n<p>El&nbsp;<strong>martes 27<\/strong>&nbsp;continuar\u00e1 el tiempo inestable, con cielo mayormente nublado y probabilidad de chaparrones y algunas tormentas aisladas. El viento ser\u00e1 variable y las marcas t\u00e9rmicas se ubicar\u00e1n entre los 22\u00b0C y los 32\u00b0C.<\/p>\n\n\n\n<figure class=\"wp-block-image\"><img decoding=\"async\" src=\"https:\/\/www.diarionorte.com\/content\/bucket\/8\/444588w790h504c.jpg.webp\" alt=\"\"\/><\/figure>\n\n\n\n<p><strong>Situaci\u00f3n de los r\u00edos<\/strong><\/p>\n\n\n\n<p>En cuanto a la situaci\u00f3n hidrol\u00f3gica, el informe de la APA indica que el r\u00edo Paran\u00e1 presenta niveles bajos en la mayor parte de su cuenca. En Andresito el nivel se ubica en 0,70 metros y se encuentra en crecimiento, muy lejos del nivel de alerta fijado en 10,50 metros. En Iguaz\u00fa el r\u00edo marca 8,90 metros y se mantiene en bajante, con un umbral de alerta de 25 metros. En Ituzaing\u00f3 el nivel es de 1,50 metros, tambi\u00e9n en descenso, con alerta establecida en 3,50 metros. En el puerto de&nbsp;<strong>Barranqueras<\/strong>&nbsp;el Paran\u00e1 registra 2,56 metros y una leve tendencia creciente, aunque a\u00fan distante del nivel de alerta de 6 metros.<\/p>\n\n\n\n<p>Respecto a las precipitaciones, no se registraron lluvias en las cuencas del r\u00edo Paran\u00e1 ni del r\u00edo Iguaz\u00fa. Tampoco se reportan lluvias en las cuencas de los r\u00edos Bermejo y Paraguay.<\/p>\n\n\n\n<p>El panorama general muestra un escenario de estabilidad hidrol\u00f3gica, sin riesgos inmediatos por crecidas, aunque con atenci\u00f3n puesta en la evoluci\u00f3n de las condiciones meteorol\u00f3gicas ante la llegada de lluvias y tormentas durante los pr\u00f3ximos d\u00edas.<\/p>\n\n\n\n<p><a href=\"https:\/\/www.youtube.com\/@Norte-TV\" target=\"_blank\" rel=\"noreferrer noopener\"><\/a><\/p>\n","protected":false},"excerpt":{"rendered":"<p>Calor sofocante y alivio parcial con lluvias previstas para el inicio de la semana La Administraci\u00f3n Provincial del Agua anticipa jornadas con altas temperaturas y&hellip; <\/p>\n","protected":false},"author":2,"featured_media":35896,"comment_status":"open","ping_status":"open","sticky":false,"template":"","format":"standard","meta":{"footnotes":""},"categories":[9,2],"tags":[],"class_list":["post-35895","post","type-post","status-publish","format-standard","has-post-thumbnail","hentry","category-destacadas","category-provinciales"],"_links":{"self":[{"href":"https:\/\/lametro989.com\/index.php?rest_route=\/wp\/v2\/posts\/35895","targetHints":{"allow":["GET"]}}],"collection":[{"href":"https:\/\/lametro989.com\/index.php?rest_route=\/wp\/v2\/posts"}],"about":[{"href":"https:\/\/lametro989.com\/index.php?rest_route=\/wp\/v2\/types\/post"}],"author":[{"embeddable":true,"href":"https:\/\/lametro989.com\/index.php?rest_route=\/wp\/v2\/users\/2"}],"replies":[{"embeddable":true,"href":"https:\/\/lametro989.com\/index.php?rest_route=%2Fwp%2Fv2%2Fcomments&post=35895"}],"version-history":[{"count":1,"href":"https:\/\/lametro989.com\/index.php?rest_route=\/wp\/v2\/posts\/35895\/revisions"}],"predecessor-version":[{"id":35897,"href":"https:\/\/lametro989.com\/index.php?rest_route=\/wp\/v2\/posts\/35895\/revisions\/35897"}],"wp:featuredmedia":[{"embeddable":true,"href":"https:\/\/lametro989.com\/index.php?rest_route=\/wp\/v2\/media\/35896"}],"wp:attachment":[{"href":"https:\/\/lametro989.com\/index.php?rest_route=%2Fwp%2Fv2%2Fmedia&parent=35895"}],"wp:term":[{"taxonomy":"category","embeddable":true,"href":"https:\/\/lametro989.com\/index.php?rest_route=%2Fwp%2Fv2%2Fcategories&post=35895"},{"taxonomy":"post_tag","embeddable":true,"href":"https:\/\/lametro989.com\/index.php?rest_route=%2Fwp%2Fv2%2Ftags&post=35895"}],"curies":[{"name":"wp","href":"https:\/\/api.w.org\/{rel}","templated":true}]}}