{"id":35916,"date":"2026-01-25T11:54:15","date_gmt":"2026-01-25T14:54:15","guid":{"rendered":"https:\/\/lametro989.com\/?p=35916"},"modified":"2026-01-25T11:54:15","modified_gmt":"2026-01-25T14:54:15","slug":"tension-politica-y-sindical","status":"publish","type":"post","link":"https:\/\/lametro989.com\/?p=35916","title":{"rendered":"Tensi\u00f3n pol\u00edtica y sindical"},"content":{"rendered":"\n<h1 class=\"wp-block-heading\">Reforma laboral: Milei resiste cambios, los gobernadores presionan y la CGT eval\u00faa ir a la Justicia<\/h1>\n\n\n\n<p>El Presidente ratific\u00f3 en Davos que no aceptar\u00e1 modificaciones al proyecto impulsado por el Ejecutivo.<\/p>\n\n\n\n<figure class=\"wp-block-image size-full\"><img loading=\"lazy\" decoding=\"async\" width=\"790\" height=\"444\" src=\"https:\/\/lametro989.com\/wp-content\/uploads\/2026\/01\/187144w790h444c.webp.webp\" alt=\"\" class=\"wp-image-35917\" srcset=\"https:\/\/lametro989.com\/wp-content\/uploads\/2026\/01\/187144w790h444c.webp.webp 790w, https:\/\/lametro989.com\/wp-content\/uploads\/2026\/01\/187144w790h444c.webp-300x169.webp 300w, https:\/\/lametro989.com\/wp-content\/uploads\/2026\/01\/187144w790h444c.webp-768x432.webp 768w\" sizes=\"auto, (max-width: 790px) 100vw, 790px\" \/><\/figure>\n\n\n\n<p>Durante su participaci\u00f3n en el Foro Econ\u00f3mico Mundial de Davos, el presidente&nbsp;<strong>Javier Milei ratific\u00f3 la decisi\u00f3n de avanzar con la reforma laboral sin aceptar modificaciones al proyecto<\/strong>&nbsp;&nbsp;que ser\u00e1 debatido en el Senado a partir del 11 de febrero. La definici\u00f3n fue analizada junto a los ministros de Econom\u00eda, Luis Caputo, y de Desregulaci\u00f3n y Transformaci\u00f3n del Estado, Federico Sturzenegger, quienes encabezan el sector m\u00e1s duro del gabinete en defensa del dictamen aprobado en comisiones.<\/p>\n\n\n\n<p>Se trata del texto de 78 p\u00e1ginas que recibi\u00f3 dictamen favorable el pasado 18 de diciembre en las comisiones de Trabajo y Previsi\u00f3n Social y de Presupuesto y Hacienda de la C\u00e1mara Alta.&nbsp;<strong>En el oficialismo sostienen que introducir cambios en esta instancia implicar\u00eda ceder en uno de los ejes centrales del programa de gobierno con el que Milei lleg\u00f3 a la Casa Rosada<\/strong>.<\/p>\n\n\n\n<p><a href=\"https:\/\/www.youtube.com\/@datachacostream\/streams\" target=\"_blank\" rel=\"noreferrer noopener\"><\/a><\/p>\n\n\n\n<p>El Presidente comparte esa mirada y&nbsp;<strong>considera inadmisible cualquier modificaci\u00f3n previa al debate en el recinto<\/strong>. En el entorno presidencial aseguran que&nbsp;<strong>el Ejecutivo conf\u00eda en reunir el qu\u00f3rum necesario y alcanzar la media sanci\u00f3n en el Senado<\/strong>&nbsp;, apoyado en el trabajo pol\u00edtico que lleva adelante el ministro del Interior, Diego Santilli, en negociaciones individuales con gobernadores aliados y peronistas.<\/p>\n\n\n\n<h3 class=\"wp-block-heading\"><strong>Gobernadores, recursos y tensiones<\/strong><\/h3>\n\n\n\n<p>La estrategia oficial apunta a&nbsp;<strong>atender los reclamos provinciales de manera segmentada, evitando negociaciones en bloque<\/strong>, especialmente frente a la resistencia de varios mandatarios a aceptar recortes en el impuesto a las Ganancias, un tributo coparticipable clave para las finanzas provinciales.&nbsp;<strong>Desde el Gobierno aclaran que cualquier reducci\u00f3n impositiva quedar\u00e1 bajo la \u00f3rbita del Ministerio de Econom\u00eda y no ser\u00e1 autom\u00e1tica tras la eventual sanci\u00f3n de la ley<\/strong>.<\/p>\n\n\n\n<p>En ese marco,&nbsp;<strong>el espacio Provincias Unidas \u2014integrado por C\u00f3rdoba, Santa Fe, Chubut y Jujuy\u2014 hab\u00eda advertido que no avalar\u00e1 cambios que afecten los recursos coparticipables<\/strong>. No obstante, la Casa Rosada intenta abrir fisuras en ese frente, particularmente con Chubut, que atraviesa una situaci\u00f3n cr\u00edtica por los incendios forestales y reclama asistencia financiera.<\/p>\n\n\n\n<p>En paralelo,&nbsp;<strong>gobernadores que exhiben se\u00f1ales de rebeld\u00eda reconocen en privado el riesgo de represalias pol\u00edticas<\/strong>&nbsp;. En el entorno del gobernador tucumano Osvaldo Jaldo interpretaron como un &#8220;correctivo&#8221; la difusi\u00f3n de im\u00e1genes de sus vacaciones en el Caribe, en medio de inundaciones en su provincia, lo que aceler\u00f3 su regreso al pa\u00eds.<\/p>\n\n\n\n<h3 class=\"wp-block-heading\"><strong>La CGT, en alerta y con la Justicia en la mira<\/strong><\/h3>\n\n\n\n<p>Mientras tanto,&nbsp;<strong>la Confederaci\u00f3n General del Trabajo sigue de cerca el avance parlamentario del proyecto<\/strong>. En la central sindical estiman que&nbsp;<strong>a la oposici\u00f3n le faltar\u00edan al menos seis votos para frenar la ley en el Senado y reconocen las dificultades para torcer la voluntad de los gobernadores<\/strong>&nbsp;, condicionados por la situaci\u00f3n econ\u00f3mica de sus provincias.<\/p>\n\n\n\n<p>Ante ese escenario, la CGT decidi\u00f3 desplegar una estrategia territorial. El triunvirato que conduce la central \u2014integrado por Jorge Sola, Cristian Jer\u00f3nimo y Octavio Arg\u00fcello\u2014 recorrer\u00e1 provincias en los pr\u00f3ximos d\u00edas para intentar sumar apoyos pol\u00edticos y sociales contra la reforma.<\/p>\n\n\n\n<p>Desde el sindicalismo advierten que,&nbsp;<strong>de aprobarse el proyecto sin cambios, avanzar\u00e1n con presentaciones judiciales por su presunta inconstitucionalidad<\/strong>&nbsp;. Los principales cuestionamientos apuntan a la negociaci\u00f3n colectiva, los aportes solidarios, las limitaciones al derecho de huelga y el nuevo esquema de indemnizaciones.<\/p>\n\n\n\n<h3 class=\"wp-block-heading\"><strong>Un conflicto en desarrollo<\/strong><\/h3>\n\n\n\n<p>Aunque en la CGT conviven distintas posturas,&nbsp;<strong>la mayor\u00eda de la conducci\u00f3n busca agotar las instancias pol\u00edticas antes de convocar a una huelga general<\/strong>, una opci\u00f3n que impulsa con m\u00e1s fuerza el sector sindical alineado con el kirchnerismo. En paralelo, dirigentes como Luis Barrionuevo reactivaron encuentros gremiales para mostrar capacidad de movilizaci\u00f3n y presi\u00f3n pol\u00edtica.<\/p>\n\n\n\n<p>En el Senado, la negociaci\u00f3n sigue abierta. La ministra de Seguridad, Patricia Bullrich, participa de las conversaciones legislativas y mantiene contactos para evaluar el escenario parlamentario. Sin embargo,&nbsp;<strong>desde la Mesa Pol\u00edtica del Gobierno aseguran que Milei fue categ\u00f3rico: la reforma laboral debe aprobarse sin cambios<\/strong>.<\/p>\n\n\n\n<p>Con posiciones endurecidas y m\u00e1rgenes de negociaci\u00f3n cada vez m\u00e1s estrechos, el debate por la reforma laboral se encamina a convertirse en uno de los principales focos de tensi\u00f3n pol\u00edtica y social del a\u00f1o.<\/p>\n","protected":false},"excerpt":{"rendered":"<p>Reforma laboral: Milei resiste cambios, los gobernadores presionan y la CGT eval\u00faa ir a la Justicia El Presidente ratific\u00f3 en Davos que no aceptar\u00e1 modificaciones&hellip; <\/p>\n","protected":false},"author":2,"featured_media":35917,"comment_status":"open","ping_status":"open","sticky":false,"template":"","format":"standard","meta":{"footnotes":""},"categories":[9,5],"tags":[],"class_list":["post-35916","post","type-post","status-publish","format-standard","has-post-thumbnail","hentry","category-destacadas","category-politica"],"_links":{"self":[{"href":"https:\/\/lametro989.com\/index.php?rest_route=\/wp\/v2\/posts\/35916","targetHints":{"allow":["GET"]}}],"collection":[{"href":"https:\/\/lametro989.com\/index.php?rest_route=\/wp\/v2\/posts"}],"about":[{"href":"https:\/\/lametro989.com\/index.php?rest_route=\/wp\/v2\/types\/post"}],"author":[{"embeddable":true,"href":"https:\/\/lametro989.com\/index.php?rest_route=\/wp\/v2\/users\/2"}],"replies":[{"embeddable":true,"href":"https:\/\/lametro989.com\/index.php?rest_route=%2Fwp%2Fv2%2Fcomments&post=35916"}],"version-history":[{"count":1,"href":"https:\/\/lametro989.com\/index.php?rest_route=\/wp\/v2\/posts\/35916\/revisions"}],"predecessor-version":[{"id":35918,"href":"https:\/\/lametro989.com\/index.php?rest_route=\/wp\/v2\/posts\/35916\/revisions\/35918"}],"wp:featuredmedia":[{"embeddable":true,"href":"https:\/\/lametro989.com\/index.php?rest_route=\/wp\/v2\/media\/35917"}],"wp:attachment":[{"href":"https:\/\/lametro989.com\/index.php?rest_route=%2Fwp%2Fv2%2Fmedia&parent=35916"}],"wp:term":[{"taxonomy":"category","embeddable":true,"href":"https:\/\/lametro989.com\/index.php?rest_route=%2Fwp%2Fv2%2Fcategories&post=35916"},{"taxonomy":"post_tag","embeddable":true,"href":"https:\/\/lametro989.com\/index.php?rest_route=%2Fwp%2Fv2%2Ftags&post=35916"}],"curies":[{"name":"wp","href":"https:\/\/api.w.org\/{rel}","templated":true}]}}