{"id":35919,"date":"2026-01-25T11:58:14","date_gmt":"2026-01-25T14:58:14","guid":{"rendered":"https:\/\/lametro989.com\/?p=35919"},"modified":"2026-01-25T11:58:14","modified_gmt":"2026-01-25T14:58:14","slug":"tolerancia-cero","status":"publish","type":"post","link":"https:\/\/lametro989.com\/?p=35919","title":{"rendered":"\u201cTolerancia cero\u201d"},"content":{"rendered":"\n<h1 class=\"wp-block-heading\">Mart\u00edn Menem ratific\u00f3 que el Gobierno nacional bajar\u00e1 la edad de imputabilidad<\/h1>\n\n\n\n<p>El presidente de la C\u00e1mara de Diputados asegur\u00f3 que esta decisi\u00f3n pol\u00edtica responde a &#8220;un mandato claro&#8221; expresado por la ciudadan\u00eda en las urnas.<\/p>\n\n\n\n<figure class=\"wp-block-image size-full\"><img loading=\"lazy\" decoding=\"async\" width=\"790\" height=\"444\" src=\"https:\/\/lametro989.com\/wp-content\/uploads\/2026\/01\/444676w790h444c.jpg.webp\" alt=\"\" class=\"wp-image-35920\" srcset=\"https:\/\/lametro989.com\/wp-content\/uploads\/2026\/01\/444676w790h444c.jpg.webp 790w, https:\/\/lametro989.com\/wp-content\/uploads\/2026\/01\/444676w790h444c.jpg-300x169.webp 300w, https:\/\/lametro989.com\/wp-content\/uploads\/2026\/01\/444676w790h444c.jpg-768x432.webp 768w\" sizes=\"auto, (max-width: 790px) 100vw, 790px\" \/><\/figure>\n\n\n\n<p>El legislador asegur\u00f3 que esta decisi\u00f3n pol\u00edtica responde a &#8220;un mandato claro&#8221; expresado por la ciudadan\u00eda en las urnas y ratific\u00f3 la postura de &#8220;tolerancia cero&#8221; ante el delito que sostiene el oficialismo.<\/p>\n\n\n\n<p>&#8220;Los argentinos nos dieron un mandato claro: enfrentar los temas de fondo con decisi\u00f3n&#8221;, afirm\u00f3 Menem al justificar la urgencia de la medida en el marco de la agenda legislativa de La Libertad Avanza (LLA).<\/p>\n\n\n\n<figure class=\"wp-block-image size-full\"><img loading=\"lazy\" decoding=\"async\" width=\"790\" height=\"516\" src=\"https:\/\/lametro989.com\/wp-content\/uploads\/2026\/01\/444664w790h516c.jpg.webp\" alt=\"\" class=\"wp-image-35921\" srcset=\"https:\/\/lametro989.com\/wp-content\/uploads\/2026\/01\/444664w790h516c.jpg.webp 790w, https:\/\/lametro989.com\/wp-content\/uploads\/2026\/01\/444664w790h516c.jpg-300x196.webp 300w, https:\/\/lametro989.com\/wp-content\/uploads\/2026\/01\/444664w790h516c.jpg-768x502.webp 768w\" sizes=\"auto, (max-width: 790px) 100vw, 790px\" \/><\/figure>\n\n\n\n<p>El crimen de Jerem\u00edas Monz\u00f3n volvi\u00f3 a encender el debate por la baja de la edad de imputabilidad.<\/p>\n\n\n\n<p>A trav\u00e9s de un mensaje publicado en su cuenta de X, el titular de la C\u00e1mara baja sostuvo que la reforma es necesaria para garantizar que &#8220;el que las hace, las paga&#8221;, reafirmando uno de los pilares discursivos del Gobierno nacional en materia de seguridad.<\/p>\n\n\n\n<p>Seg\u00fan Menem, la iniciativa no admite &#8220;medias tintas&#8221; y busca transformar el sistema penal juvenil para adaptarlo a las demandas actuales de la sociedad argentina.<\/p>\n\n\n\n<figure class=\"wp-block-image size-full\"><img loading=\"lazy\" decoding=\"async\" width=\"790\" height=\"451\" src=\"https:\/\/lametro989.com\/wp-content\/uploads\/2026\/01\/444663w790h451c.jpg.webp\" alt=\"\" class=\"wp-image-35922\" srcset=\"https:\/\/lametro989.com\/wp-content\/uploads\/2026\/01\/444663w790h451c.jpg.webp 790w, https:\/\/lametro989.com\/wp-content\/uploads\/2026\/01\/444663w790h451c.jpg-300x171.webp 300w, https:\/\/lametro989.com\/wp-content\/uploads\/2026\/01\/444663w790h451c.jpg-768x438.webp 768w\" sizes=\"auto, (max-width: 790px) 100vw, 790px\" \/><\/figure>\n\n\n\n<p>&#8220;En 2026 vamos a avanzar con la baja de la edad de imputabilidad en la Reforma del C\u00f3digo Penal. Tenemos clara nuestra posici\u00f3n&#8221;, concluy\u00f3 el referente riojano, anticipando que el proyecto ser\u00e1 uno de los ejes centrales del debate parlamentario en los pr\u00f3ximos meses.<\/p>\n","protected":false},"excerpt":{"rendered":"<p>Mart\u00edn Menem ratific\u00f3 que el Gobierno nacional bajar\u00e1 la edad de imputabilidad El presidente de la C\u00e1mara de Diputados asegur\u00f3 que esta decisi\u00f3n pol\u00edtica responde&hellip; <\/p>\n","protected":false},"author":2,"featured_media":35922,"comment_status":"open","ping_status":"open","sticky":false,"template":"","format":"standard","meta":{"footnotes":""},"categories":[9,13],"tags":[],"class_list":["post-35919","post","type-post","status-publish","format-standard","has-post-thumbnail","hentry","category-destacadas","category-nacionales"],"_links":{"self":[{"href":"https:\/\/lametro989.com\/index.php?rest_route=\/wp\/v2\/posts\/35919","targetHints":{"allow":["GET"]}}],"collection":[{"href":"https:\/\/lametro989.com\/index.php?rest_route=\/wp\/v2\/posts"}],"about":[{"href":"https:\/\/lametro989.com\/index.php?rest_route=\/wp\/v2\/types\/post"}],"author":[{"embeddable":true,"href":"https:\/\/lametro989.com\/index.php?rest_route=\/wp\/v2\/users\/2"}],"replies":[{"embeddable":true,"href":"https:\/\/lametro989.com\/index.php?rest_route=%2Fwp%2Fv2%2Fcomments&post=35919"}],"version-history":[{"count":1,"href":"https:\/\/lametro989.com\/index.php?rest_route=\/wp\/v2\/posts\/35919\/revisions"}],"predecessor-version":[{"id":35923,"href":"https:\/\/lametro989.com\/index.php?rest_route=\/wp\/v2\/posts\/35919\/revisions\/35923"}],"wp:featuredmedia":[{"embeddable":true,"href":"https:\/\/lametro989.com\/index.php?rest_route=\/wp\/v2\/media\/35922"}],"wp:attachment":[{"href":"https:\/\/lametro989.com\/index.php?rest_route=%2Fwp%2Fv2%2Fmedia&parent=35919"}],"wp:term":[{"taxonomy":"category","embeddable":true,"href":"https:\/\/lametro989.com\/index.php?rest_route=%2Fwp%2Fv2%2Fcategories&post=35919"},{"taxonomy":"post_tag","embeddable":true,"href":"https:\/\/lametro989.com\/index.php?rest_route=%2Fwp%2Fv2%2Ftags&post=35919"}],"curies":[{"name":"wp","href":"https:\/\/api.w.org\/{rel}","templated":true}]}}