{"id":35924,"date":"2026-01-25T11:59:20","date_gmt":"2026-01-25T14:59:20","guid":{"rendered":"https:\/\/lametro989.com\/?p=35924"},"modified":"2026-01-25T11:59:20","modified_gmt":"2026-01-25T14:59:20","slug":"pronostico","status":"publish","type":"post","link":"https:\/\/lametro989.com\/?p=35924","title":{"rendered":"Pron\u00f3stico"},"content":{"rendered":"\n<h1 class=\"wp-block-heading\">Alerta por altas temperaturas y potencial ola de calor<\/h1>\n\n\n\n<p>Con m\u00e1ximas superiores a los 35\u00b0C y elevada sensaci\u00f3n t\u00e9rmica, especialistas explican por qu\u00e9 se intensifica el fen\u00f3meno.<\/p>\n\n\n\n<figure class=\"wp-block-image size-full\"><img loading=\"lazy\" decoding=\"async\" width=\"790\" height=\"507\" src=\"https:\/\/lametro989.com\/wp-content\/uploads\/2026\/01\/444679w790h507c.jpg.webp\" alt=\"\" class=\"wp-image-35925\" srcset=\"https:\/\/lametro989.com\/wp-content\/uploads\/2026\/01\/444679w790h507c.jpg.webp 790w, https:\/\/lametro989.com\/wp-content\/uploads\/2026\/01\/444679w790h507c.jpg-300x193.webp 300w, https:\/\/lametro989.com\/wp-content\/uploads\/2026\/01\/444679w790h507c.jpg-768x493.webp 768w\" sizes=\"auto, (max-width: 790px) 100vw, 790px\" \/><\/figure>\n\n\n\n<p>El Chaco en general y la ciudad de Resistencia en particular se preparan para atravesar d\u00edas de calor extremo el mi\u00e9rcoles, al menos, con temperaturas y sensaci\u00f3n t\u00e9rmica elevadas.<\/p>\n\n\n\n<p>Se espera que el fen\u00f3meno afecte a gran parte del noreste argentino, ante la persistencia de condiciones atmosf\u00e9ricas estables, sin ingreso de frentes fr\u00edos ni lluvias significativas, seg\u00fan inform\u00f3 el Servicio Meteorol\u00f3gico Nacional (SMN).<\/p>\n\n\n\n<p><strong>La raz\u00f3n de este fen\u00f3meno<\/strong><\/p>\n\n\n\n<p>El ingeniero en Recursos H\u00eddricos, Hugo Rorhmann, explic\u00f3 que una ola de calor se define como un per\u00edodo de altas temperaturas sostenidas durante m\u00e1s de dos d\u00edas consecutivos, por encima de los valores normales para la \u00e9poca.<\/p>\n\n\n\n<p>En el caso del noreste argentino, este tipo de eventos se da cuando el cielo permanece mayormente despejado, con escasa nubosidad y sin tormentas que generen alivio t\u00e9rmico, lo que permite que la radiaci\u00f3n solar eleve r\u00e1pidamente las marcas t\u00e9rmicas, que superan los 35\u00b0C.<\/p>\n\n\n\n<p>Seg\u00fan Rorhmann, este escenario est\u00e1 directamente asociado a la presencia de un anticicl\u00f3n de altas presiones ubicado sobre el oc\u00e9ano Atl\u00e1ntico, que act\u00faa como una barrera e impide el avance de frentes fr\u00edos desde el sur. Al no ingresar aire m\u00e1s fresco ni sistemas de lluvia, el calor se acumula d\u00eda tras d\u00eda, lo que genera condiciones propicias para la aparici\u00f3n de olas de calor, un fen\u00f3meno t\u00edpico del verano chaque\u00f1o.<\/p>\n\n\n\n<p><strong>Las pr\u00f3ximas semanas<\/strong><\/p>\n\n\n\n<p>De acuerdo con el informe del Servicio Meteorol\u00f3gico Nacional, se esperan temperaturas m\u00e1ximas de entre 37 y 40\u00b0C en amplias zonas del Chaco, a lo que se sumar\u00e1 una alta humedad que incrementar\u00e1 la sensaci\u00f3n t\u00e9rmica y generar\u00e1 un ambiente agobiante con poco descenso t\u00e9rmico.<\/p>\n\n\n\n<p>Si el SMN, en su pr\u00f3xima actualizaci\u00f3n de la perspectiva clim\u00e1tica de febrero a abril, indica lluvias por debajo de lo normal, aumentan las probabilidades de nuevas olas de calor. Actualmente, no se prev\u00e9n lluvias para los pr\u00f3ximos quince d\u00edas.<\/p>\n","protected":false},"excerpt":{"rendered":"<p>Alerta por altas temperaturas y potencial ola de calor Con m\u00e1ximas superiores a los 35\u00b0C y elevada sensaci\u00f3n t\u00e9rmica, especialistas explican por qu\u00e9 se intensifica&hellip; <\/p>\n","protected":false},"author":2,"featured_media":35925,"comment_status":"open","ping_status":"open","sticky":false,"template":"","format":"standard","meta":{"footnotes":""},"categories":[27,9],"tags":[],"class_list":["post-35924","post","type-post","status-publish","format-standard","has-post-thumbnail","hentry","category-actualidad","category-destacadas"],"_links":{"self":[{"href":"https:\/\/lametro989.com\/index.php?rest_route=\/wp\/v2\/posts\/35924","targetHints":{"allow":["GET"]}}],"collection":[{"href":"https:\/\/lametro989.com\/index.php?rest_route=\/wp\/v2\/posts"}],"about":[{"href":"https:\/\/lametro989.com\/index.php?rest_route=\/wp\/v2\/types\/post"}],"author":[{"embeddable":true,"href":"https:\/\/lametro989.com\/index.php?rest_route=\/wp\/v2\/users\/2"}],"replies":[{"embeddable":true,"href":"https:\/\/lametro989.com\/index.php?rest_route=%2Fwp%2Fv2%2Fcomments&post=35924"}],"version-history":[{"count":1,"href":"https:\/\/lametro989.com\/index.php?rest_route=\/wp\/v2\/posts\/35924\/revisions"}],"predecessor-version":[{"id":35926,"href":"https:\/\/lametro989.com\/index.php?rest_route=\/wp\/v2\/posts\/35924\/revisions\/35926"}],"wp:featuredmedia":[{"embeddable":true,"href":"https:\/\/lametro989.com\/index.php?rest_route=\/wp\/v2\/media\/35925"}],"wp:attachment":[{"href":"https:\/\/lametro989.com\/index.php?rest_route=%2Fwp%2Fv2%2Fmedia&parent=35924"}],"wp:term":[{"taxonomy":"category","embeddable":true,"href":"https:\/\/lametro989.com\/index.php?rest_route=%2Fwp%2Fv2%2Fcategories&post=35924"},{"taxonomy":"post_tag","embeddable":true,"href":"https:\/\/lametro989.com\/index.php?rest_route=%2Fwp%2Fv2%2Ftags&post=35924"}],"curies":[{"name":"wp","href":"https:\/\/api.w.org\/{rel}","templated":true}]}}