{"id":36023,"date":"2026-01-27T16:36:09","date_gmt":"2026-01-27T19:36:09","guid":{"rendered":"https:\/\/lametro989.com\/?p=36023"},"modified":"2026-01-27T16:36:09","modified_gmt":"2026-01-27T19:36:09","slug":"anses-pagara-en-febrero-un-bono-de-70-000-y-el-haber-minimo-superara-los-429-mil","status":"publish","type":"post","link":"https:\/\/lametro989.com\/?p=36023","title":{"rendered":"ANSES pagar\u00e1 en febrero un bono de $70.000 y el haber m\u00ednimo superar\u00e1 los $429 mil"},"content":{"rendered":"\n<p><em>El refuerzo se suma al aumento por inflaci\u00f3n del 2,85% y eleva el haber m\u00ednimo a $429.219,42. ANSES tambi\u00e9n confirm\u00f3 el cronograma de pagos para febrero.<\/em><\/p>\n\n\n\n<figure class=\"wp-block-image size-full\"><img loading=\"lazy\" decoding=\"async\" width=\"850\" height=\"478\" src=\"https:\/\/lametro989.com\/wp-content\/uploads\/2026\/01\/58095w850h478c.jpg.webp\" alt=\"\" class=\"wp-image-36024\" srcset=\"https:\/\/lametro989.com\/wp-content\/uploads\/2026\/01\/58095w850h478c.jpg.webp 850w, https:\/\/lametro989.com\/wp-content\/uploads\/2026\/01\/58095w850h478c.jpg-300x169.webp 300w, https:\/\/lametro989.com\/wp-content\/uploads\/2026\/01\/58095w850h478c.jpg-768x432.webp 768w\" sizes=\"auto, (max-width: 850px) 100vw, 850px\" \/><\/figure>\n\n\n\n<p>La Administraci\u00f3n Nacional de la Seguridad Social (ANSES) confirm\u00f3 que<strong>&nbsp;en febrero de 2026 se volver\u00e1 a pagar el bono extraordinario de $70.000 para jubilados y pensionados de menores ingresos, que se sumar\u00e1 al aumento mensual por inflaci\u00f3n y elevar\u00e1 el haber m\u00ednimo por encima de los $429.000.<\/strong><\/p>\n\n\n\n<p>El refuerzo se abonar\u00e1 junto con los haberes mensuales y se complementa con un incremento del 2,85%, correspondiente a la variaci\u00f3n del \u00cdndice de Precios al Consumidor (IPC) de diciembre de 2025, seg\u00fan el esquema de actualizaci\u00f3n autom\u00e1tica vigente.<\/p>\n\n\n\n<h2 class=\"wp-block-heading\">Aumento por inflaci\u00f3n: nuevos haberes<\/h2>\n\n\n\n<p>Con la suba del 2,85%, los montos base de las jubilaciones y pensiones quedan establecidos de la siguiente manera:<\/p>\n\n\n\n<ul class=\"wp-block-list\">\n<li>Jubilaci\u00f3n m\u00ednima: $359.219,42<\/li>\n\n\n\n<li>Jubilaci\u00f3n m\u00e1xima: $2.358.940,75<\/li>\n<\/ul>\n\n\n\n<p>El aumento se acredita de manera autom\u00e1tica en la cuenta bancaria declarada por cada beneficiario, sin necesidad de realizar gestiones adicionales.<\/p>\n\n\n\n<h2 class=\"wp-block-heading\">C\u00f3mo se paga el bono de $70.000<\/h2>\n\n\n\n<p>El Gobierno nacional ratific\u00f3 que el bono extraordinario continuar\u00e1 durante febrero, aunque aclar\u00f3 que no se actualiza por inflaci\u00f3n y est\u00e1 destinado exclusivamente a quienes perciben los haberes m\u00e1s bajos.<\/p>\n\n\n\n<p>El esquema de pago es el siguiente:<\/p>\n\n\n\n<ul class=\"wp-block-list\">\n<li>Se cobra completo quienes reciben la jubilaci\u00f3n m\u00ednima.<\/li>\n\n\n\n<li>Se paga de forma proporcional a quienes superan ese monto, hasta alcanzar el tope definido por ANSES.<\/li>\n<\/ul>\n\n\n\n<h2 class=\"wp-block-heading\">Montos finales con el bono incluido<\/h2>\n\n\n\n<p>Sumando el aumento y el refuerzo extraordinario, los ingresos finales de febrero quedan as\u00ed:<\/p>\n\n\n\n<ul class=\"wp-block-list\">\n<li>Jubilaci\u00f3n m\u00ednima: $429.219,42<\/li>\n\n\n\n<li>Pensi\u00f3n Universal para el Adulto Mayor (PUAM): $357.375,54<\/li>\n\n\n\n<li>Pensiones no contributivas: $321.453,59<\/li>\n\n\n\n<li>Pensi\u00f3n para madres de siete hijos: $429.219,42<\/li>\n<\/ul>\n\n\n\n<p>Estos valores corresponden al total que percibir\u00e1n los beneficiarios durante el segundo mes del a\u00f1o.<\/p>\n\n\n\n<h2 class=\"wp-block-heading\">Calendario de pagos: cu\u00e1ndo se cobra en febrero<\/h2>\n\n\n\n<p>ANSES inform\u00f3 que el cronograma de pagos comenzar\u00e1 el 9 de febrero para quienes cobran haberes m\u00ednimos.<\/p>\n\n\n\n<p>Jubilaciones y pensiones que no superan la m\u00ednima:<\/p>\n\n\n\n<p>DNI terminados en 0: 9 de febrero<\/p>\n\n\n\n<p>1: 10 de febrero<br>2: 11 de febrero<br>3: 12 de febrero<br>4: 13 de febrero<br>5: 18 de febrero<br>6 y 7: 19 de febrero<br>8 y 9: 20 de febrero<\/p>\n\n\n\n<p>Jubilaciones y pensiones que superan la m\u00ednima:<\/p>\n\n\n\n<p>DNI 0 y 1: 23 de febrero<br>2 y 3: 24 de febrero<br>4 y 5: 25 de febrero<br>6 y 7: 26 de febrero<br>8 y 9: 27 de febrero<\/p>\n\n\n\n<p>El pago se realizar\u00e1 mediante dep\u00f3sito autom\u00e1tico en la cuenta bancaria habitual de cada beneficiario.<\/p>\n","protected":false},"excerpt":{"rendered":"<p>El refuerzo se suma al aumento por inflaci\u00f3n del 2,85% y eleva el haber m\u00ednimo a $429.219,42. ANSES tambi\u00e9n confirm\u00f3 el cronograma de pagos para&hellip; <\/p>\n","protected":false},"author":2,"featured_media":36024,"comment_status":"open","ping_status":"open","sticky":false,"template":"","format":"standard","meta":{"footnotes":""},"categories":[27,9,13],"tags":[],"class_list":["post-36023","post","type-post","status-publish","format-standard","has-post-thumbnail","hentry","category-actualidad","category-destacadas","category-nacionales"],"_links":{"self":[{"href":"https:\/\/lametro989.com\/index.php?rest_route=\/wp\/v2\/posts\/36023","targetHints":{"allow":["GET"]}}],"collection":[{"href":"https:\/\/lametro989.com\/index.php?rest_route=\/wp\/v2\/posts"}],"about":[{"href":"https:\/\/lametro989.com\/index.php?rest_route=\/wp\/v2\/types\/post"}],"author":[{"embeddable":true,"href":"https:\/\/lametro989.com\/index.php?rest_route=\/wp\/v2\/users\/2"}],"replies":[{"embeddable":true,"href":"https:\/\/lametro989.com\/index.php?rest_route=%2Fwp%2Fv2%2Fcomments&post=36023"}],"version-history":[{"count":1,"href":"https:\/\/lametro989.com\/index.php?rest_route=\/wp\/v2\/posts\/36023\/revisions"}],"predecessor-version":[{"id":36025,"href":"https:\/\/lametro989.com\/index.php?rest_route=\/wp\/v2\/posts\/36023\/revisions\/36025"}],"wp:featuredmedia":[{"embeddable":true,"href":"https:\/\/lametro989.com\/index.php?rest_route=\/wp\/v2\/media\/36024"}],"wp:attachment":[{"href":"https:\/\/lametro989.com\/index.php?rest_route=%2Fwp%2Fv2%2Fmedia&parent=36023"}],"wp:term":[{"taxonomy":"category","embeddable":true,"href":"https:\/\/lametro989.com\/index.php?rest_route=%2Fwp%2Fv2%2Fcategories&post=36023"},{"taxonomy":"post_tag","embeddable":true,"href":"https:\/\/lametro989.com\/index.php?rest_route=%2Fwp%2Fv2%2Ftags&post=36023"}],"curies":[{"name":"wp","href":"https:\/\/api.w.org\/{rel}","templated":true}]}}