{"id":36026,"date":"2026-01-27T16:37:16","date_gmt":"2026-01-27T19:37:16","guid":{"rendered":"https:\/\/lametro989.com\/?p=36026"},"modified":"2026-01-27T16:37:16","modified_gmt":"2026-01-27T19:37:16","slug":"zdero-lidera-el-ranking-de-gobernadores-mas-recibidos-en-la-casa-rosada","status":"publish","type":"post","link":"https:\/\/lametro989.com\/?p=36026","title":{"rendered":"Zdero lidera el ranking de gobernadores m\u00e1s recibidos en la Casa Rosada"},"content":{"rendered":"\n<p><em>El gobernador chaque\u00f1o encabez\u00f3 el ranking de audiencias solicitadas al Ejecutivo nacional desde la asunci\u00f3n de Javier Milei, con 25 reuniones registradas con funcionarios de primera l\u00ednea.<\/em><\/p>\n\n\n\n<figure class=\"wp-block-image size-full\"><img loading=\"lazy\" decoding=\"async\" width=\"850\" height=\"478\" src=\"https:\/\/lametro989.com\/wp-content\/uploads\/2026\/01\/65251w850h478c.jpg.webp\" alt=\"\" class=\"wp-image-36027\" srcset=\"https:\/\/lametro989.com\/wp-content\/uploads\/2026\/01\/65251w850h478c.jpg.webp 850w, https:\/\/lametro989.com\/wp-content\/uploads\/2026\/01\/65251w850h478c.jpg-300x169.webp 300w, https:\/\/lametro989.com\/wp-content\/uploads\/2026\/01\/65251w850h478c.jpg-768x432.webp 768w\" sizes=\"auto, (max-width: 850px) 100vw, 850px\" \/><\/figure>\n\n\n\n<p>El gobernador del Chaco,&nbsp;<strong>Leandro Zdero<\/strong>, se ubic\u00f3 como&nbsp;<strong>el mandatario provincial con mayor cantidad de audiencias solicitadas en la Casa Rosada desde el inicio del gobierno de Javier Milei,<\/strong>&nbsp;seg\u00fan surge del Registro P\u00fablico de Audiencias del Poder Ejecutivo Nacional.<\/p>\n\n\n\n<p>De acuerdo al relevamiento oficial,&nbsp;<strong>Zdero pidi\u00f3 25 reuniones con funcionarios nacionales entre diciembre de 2023 y enero de 2026, encabezando el ranking de gobernadores que m\u00e1s gestionaron encuentros con el Ejecutivo, y fueron recibidos, en los primeros dos a\u00f1os de la administraci\u00f3n libertaria.<\/strong><\/p>\n\n\n\n<p>La primera audiencia fue apenas d\u00edas despu\u00e9s de la asunci\u00f3n presidencial, el 15 de diciembre de 2023, cuando el mandatario chaque\u00f1o se reuni\u00f3 con la entonces ministra de Seguridad,&nbsp;<strong>Patricia Bullrich.<\/strong>&nbsp;Desde entonces, mantuvo una presencia sostenida en Balcarce 50: 11 solicitudes en 2024 y 13 en 2025, en un contexto marcado por la reconfiguraci\u00f3n del v\u00ednculo entre Naci\u00f3n y provincias.<\/p>\n\n\n\n<p>Buena parte de los encuentros fueron con figuras clave del esquema pol\u00edtico del Gobierno nacional.&nbsp;<strong>En seis oportunidades, Zdero se reuni\u00f3 con Eduardo &#8220;Lule&#8221; Menem, referente del armado nacional de La Libertad Avanza y hombre de confianza de Karina Milei. En otras seis, lo hizo con Lisandro Catal\u00e1n, primero como viceministro y luego como responsable del \u00e1rea de Interior, tras el pase de Guillermo Francos a la Jefatura de Gabinete.<\/strong><\/p>\n\n\n\n<p>Desde la Casa Rosada se\u00f1alan que la intensa agenda de audiencias del gobernador chaque\u00f1o estuvo vinculada a la situaci\u00f3n financiera heredada por la provincia y a la necesidad de gestionar asistencia nacional en el marco del fuerte ajuste fiscal impulsado por el Gobierno. Zdero es considerado uno de los aliados pol\u00edticos del oficialismo, v\u00ednculo que se consolid\u00f3 con la alianza electoral entre el radicalismo chaque\u00f1o y La Libertad Avanza en los \u00faltimos comicios de medio t\u00e9rmino.<\/p>\n\n\n\n<p>En el ranking de gobernadores con m\u00e1s audiencias solicitadas le siguen el entrerriano Rogelio Frigerio, con 22 reuniones, y el catamarque\u00f1o Ra\u00fal Jalil, con 20. En el extremo opuesto, cinco mandatarios peronistas, entre ellos&nbsp;<strong>Axel Kicillof y Gildo Insfr\u00e1n,<\/strong>&nbsp; no registraron pedidos formales de audiencia durante el per\u00edodo analizado.<\/p>\n\n\n\n<p>El Registro de Audiencias, de acceso p\u00fablico, consigna cada solicitud de reuni\u00f3n con funcionarios jer\u00e1rquicos del Ejecutivo nacional, incluyendo fecha, participantes y motivo. En total, 18 gobernadores y el jefe de Gobierno porte\u00f1o acumularon 185 audiencias durante los primeros a\u00f1os del gobierno de Milei, en una relaci\u00f3n atravesada por tensiones pol\u00edticas, recortes de fondos y negociaciones permanentes.<\/p>\n\n\n\n<p><em>Con informaci\u00f3n de Infobae<\/em><\/p>\n","protected":false},"excerpt":{"rendered":"<p>El gobernador chaque\u00f1o encabez\u00f3 el ranking de audiencias solicitadas al Ejecutivo nacional desde la asunci\u00f3n de Javier Milei, con 25 reuniones registradas con funcionarios de&hellip; <\/p>\n","protected":false},"author":2,"featured_media":36027,"comment_status":"open","ping_status":"open","sticky":false,"template":"","format":"standard","meta":{"footnotes":""},"categories":[9,5],"tags":[],"class_list":["post-36026","post","type-post","status-publish","format-standard","has-post-thumbnail","hentry","category-destacadas","category-politica"],"_links":{"self":[{"href":"https:\/\/lametro989.com\/index.php?rest_route=\/wp\/v2\/posts\/36026","targetHints":{"allow":["GET"]}}],"collection":[{"href":"https:\/\/lametro989.com\/index.php?rest_route=\/wp\/v2\/posts"}],"about":[{"href":"https:\/\/lametro989.com\/index.php?rest_route=\/wp\/v2\/types\/post"}],"author":[{"embeddable":true,"href":"https:\/\/lametro989.com\/index.php?rest_route=\/wp\/v2\/users\/2"}],"replies":[{"embeddable":true,"href":"https:\/\/lametro989.com\/index.php?rest_route=%2Fwp%2Fv2%2Fcomments&post=36026"}],"version-history":[{"count":1,"href":"https:\/\/lametro989.com\/index.php?rest_route=\/wp\/v2\/posts\/36026\/revisions"}],"predecessor-version":[{"id":36028,"href":"https:\/\/lametro989.com\/index.php?rest_route=\/wp\/v2\/posts\/36026\/revisions\/36028"}],"wp:featuredmedia":[{"embeddable":true,"href":"https:\/\/lametro989.com\/index.php?rest_route=\/wp\/v2\/media\/36027"}],"wp:attachment":[{"href":"https:\/\/lametro989.com\/index.php?rest_route=%2Fwp%2Fv2%2Fmedia&parent=36026"}],"wp:term":[{"taxonomy":"category","embeddable":true,"href":"https:\/\/lametro989.com\/index.php?rest_route=%2Fwp%2Fv2%2Fcategories&post=36026"},{"taxonomy":"post_tag","embeddable":true,"href":"https:\/\/lametro989.com\/index.php?rest_route=%2Fwp%2Fv2%2Ftags&post=36026"}],"curies":[{"name":"wp","href":"https:\/\/api.w.org\/{rel}","templated":true}]}}