{"id":36029,"date":"2026-01-27T16:38:59","date_gmt":"2026-01-27T19:38:59","guid":{"rendered":"https:\/\/lametro989.com\/?p=36029"},"modified":"2026-01-27T16:38:59","modified_gmt":"2026-01-27T19:38:59","slug":"el-gobierno-quiere-reducir-a-13-anos-la-edad-de-imputabilidad-y-llevara-la-ley-al-congreso","status":"publish","type":"post","link":"https:\/\/lametro989.com\/?p=36029","title":{"rendered":"El Gobierno quiere reducir a 13 a\u00f1os la edad de imputabilidad y llevar\u00e1 la Ley al Congreso"},"content":{"rendered":"\n<p><em>La iniciativa fue incluida en el temario de las sesiones extraordinarias y reabre un debate sensible en el Congreso.<\/em><\/p>\n\n\n\n<figure class=\"wp-block-image size-full\"><img loading=\"lazy\" decoding=\"async\" width=\"850\" height=\"552\" src=\"https:\/\/lametro989.com\/wp-content\/uploads\/2026\/01\/65250w850h552c.jpg.webp\" alt=\"\" class=\"wp-image-36030\" srcset=\"https:\/\/lametro989.com\/wp-content\/uploads\/2026\/01\/65250w850h552c.jpg.webp 850w, https:\/\/lametro989.com\/wp-content\/uploads\/2026\/01\/65250w850h552c.jpg-300x195.webp 300w, https:\/\/lametro989.com\/wp-content\/uploads\/2026\/01\/65250w850h552c.jpg-768x499.webp 768w\" sizes=\"auto, (max-width: 850px) 100vw, 850px\" \/><\/figure>\n\n\n\n<p>El Gobierno nacional decidi\u00f3 volver a poner en agenda la Ley Penal Juvenil y habilit\u00f3 su tratamiento durante las sesiones extraordinarias del Congreso, con un eje central:<strong>&nbsp;reducir la edad de imputabilidad penal, que el Ejecutivo propone fijar en 13 a\u00f1os.<\/strong><\/p>\n\n\n\n<p>La inclusi\u00f3n del proyecto fue oficializada mediante el Decreto 53\/2026, que ampli\u00f3 el temario legislativo que&nbsp;<strong>comenzar\u00e1 a debatirse a partir del 2 de febrero.<\/strong>&nbsp;La iniciativa busca reemplazar el actual r\u00e9gimen de minoridad por un nuevo sistema de responsabilidad penal para adolescentes.<\/p>\n\n\n\n<p>La discusi\u00f3n volvi\u00f3 a cobrar fuerza en las \u00faltimas semanas tras el&nbsp;<strong>asesinato de Jerem\u00edas Monz\u00f3n, el joven de 15 a\u00f1os que fue brutalmente atacado en Santa Fe por otros menores<\/strong>. El caso tuvo un fuerte impacto en la opini\u00f3n p\u00fablica y reaviv\u00f3 el debate pol\u00edtico sobre la respuesta penal frente a delitos graves cometidos por adolescentes.<\/p>\n\n\n\n<p>Desde la Casa Rosada admiten que el punto m\u00e1s sensible del proyecto es la edad m\u00ednima de imputabilidad. Mientras que el Gobierno impulsa llevarla a los 13 a\u00f1os, en el Congreso existe un consenso previo, alcanzado en comisiones durante 2024, que fija el piso en los 14. Pese a ello, el oficialismo dej\u00f3 abierta la posibilidad de negociar para lograr los apoyos necesarios.<\/p>\n\n\n\n<p><strong>El Ejecutivo busca unificar los distintos proyectos presentados por los bloques parlamentarios y acelerar su tratamiento durante el receso legislativo.<\/strong>&nbsp;El antecedente inmediato es el dictamen obtenido en Diputados en mayo de 2025, elaborado por el Ministerio de Justicia, que ya hab\u00eda avanzado en una reforma integral del r\u00e9gimen penal juvenil.<\/p>\n\n\n\n<p>Las sesiones extraordinarias se extender\u00e1n hasta el 27 de febrero, aunque fuentes oficiales no descartan que el debate contin\u00fae durante el per\u00edodo ordinario, debido a la complejidad pol\u00edtica y social del tema.<\/p>\n\n\n\n<p>La Ley Penal Juvenil se suma as\u00ed a una agenda legislativa cargada, en la que el Gobierno tambi\u00e9n pretende avanzar con la reforma laboral y otros proyectos considerados prioritarios por el presidente&nbsp;<strong>Javier Milei.<\/strong><\/p>\n","protected":false},"excerpt":{"rendered":"<p>La iniciativa fue incluida en el temario de las sesiones extraordinarias y reabre un debate sensible en el Congreso. El Gobierno nacional decidi\u00f3 volver a&hellip; <\/p>\n","protected":false},"author":2,"featured_media":36030,"comment_status":"open","ping_status":"open","sticky":false,"template":"","format":"standard","meta":{"footnotes":""},"categories":[9,13],"tags":[],"class_list":["post-36029","post","type-post","status-publish","format-standard","has-post-thumbnail","hentry","category-destacadas","category-nacionales"],"_links":{"self":[{"href":"https:\/\/lametro989.com\/index.php?rest_route=\/wp\/v2\/posts\/36029","targetHints":{"allow":["GET"]}}],"collection":[{"href":"https:\/\/lametro989.com\/index.php?rest_route=\/wp\/v2\/posts"}],"about":[{"href":"https:\/\/lametro989.com\/index.php?rest_route=\/wp\/v2\/types\/post"}],"author":[{"embeddable":true,"href":"https:\/\/lametro989.com\/index.php?rest_route=\/wp\/v2\/users\/2"}],"replies":[{"embeddable":true,"href":"https:\/\/lametro989.com\/index.php?rest_route=%2Fwp%2Fv2%2Fcomments&post=36029"}],"version-history":[{"count":1,"href":"https:\/\/lametro989.com\/index.php?rest_route=\/wp\/v2\/posts\/36029\/revisions"}],"predecessor-version":[{"id":36031,"href":"https:\/\/lametro989.com\/index.php?rest_route=\/wp\/v2\/posts\/36029\/revisions\/36031"}],"wp:featuredmedia":[{"embeddable":true,"href":"https:\/\/lametro989.com\/index.php?rest_route=\/wp\/v2\/media\/36030"}],"wp:attachment":[{"href":"https:\/\/lametro989.com\/index.php?rest_route=%2Fwp%2Fv2%2Fmedia&parent=36029"}],"wp:term":[{"taxonomy":"category","embeddable":true,"href":"https:\/\/lametro989.com\/index.php?rest_route=%2Fwp%2Fv2%2Fcategories&post=36029"},{"taxonomy":"post_tag","embeddable":true,"href":"https:\/\/lametro989.com\/index.php?rest_route=%2Fwp%2Fv2%2Ftags&post=36029"}],"curies":[{"name":"wp","href":"https:\/\/api.w.org\/{rel}","templated":true}]}}