{"id":36045,"date":"2026-01-27T16:50:06","date_gmt":"2026-01-27T19:50:06","guid":{"rendered":"https:\/\/lametro989.com\/?p=36045"},"modified":"2026-01-27T16:50:06","modified_gmt":"2026-01-27T19:50:06","slug":"triangular-de-verano","status":"publish","type":"post","link":"https:\/\/lametro989.com\/?p=36045","title":{"rendered":"Triangular de verano"},"content":{"rendered":"\n<h1 class=\"wp-block-heading\">Amistoso: For Ever se mide este martes con Central Norte de Salta<\/h1>\n\n\n\n<p>El conjunto chaque\u00f1o encara una gira de pretemporada en Salta. Viaj\u00f3 el domingo, este martes enfrenta al Cuervo y el viernes a Gimnasia.&nbsp;<\/p>\n\n\n\n<figure class=\"wp-block-image size-full\"><img loading=\"lazy\" decoding=\"async\" width=\"850\" height=\"478\" src=\"https:\/\/lametro989.com\/wp-content\/uploads\/2026\/01\/9580w850h478c.jpg.webp\" alt=\"\" class=\"wp-image-36046\" srcset=\"https:\/\/lametro989.com\/wp-content\/uploads\/2026\/01\/9580w850h478c.jpg.webp 850w, https:\/\/lametro989.com\/wp-content\/uploads\/2026\/01\/9580w850h478c.jpg-300x169.webp 300w, https:\/\/lametro989.com\/wp-content\/uploads\/2026\/01\/9580w850h478c.jpg-768x432.webp 768w\" sizes=\"auto, (max-width: 850px) 100vw, 850px\" \/><\/figure>\n\n\n\n<p>Este martes, a las 21:30, For Ever enfrentar\u00e1 a Central Norte de Salta, en lo que ser\u00e1 el primero de los dos amistosos que jugar\u00e1 en Salta. El viernes, a la misma hora, visitar\u00e1 a Gimnasia y Tiro.&nbsp;<\/p>\n\n\n\n<p>Si bien se especulaba que ambos partidos iban a jugarse en el estadio Martearena, esto se termin\u00f3 modificando y el Negro jugar\u00e1 contra el Albo en el Gigante del Norte, la propia casa de Gimnasia.&nbsp;<\/p>\n\n\n\n<p>El conjunto chaque\u00f1o viaj\u00f3 el domingo por la noche y el lunes, en horas tempranas, arrib\u00f3 al hotel de la Liga Salte\u00f1a de F\u00fatbol donde hizo su primer entrenamiento en esa provincia. Luego volvi\u00f3 por la tarde y continu\u00f3 con la pr\u00e1ctica.<\/p>\n\n\n\n<p>Por su parte, los conjuntos salte\u00f1os comenzaron con el triangular el pasado viernes, empatando 2 a 2. Cabe destacar que la seguridad de Salta autoriz\u00f3 el ingreso del p\u00fablico visitante. Las entradas tendr\u00e1n un valor de $10.000 para las populares, $20.000 las plateas, $6.000 para menores y jubilados, y los seguros de espectador se cobrar\u00e1n $5.000.&nbsp;<\/p>\n\n\n\n<p>En lo que respecta a la Primera Nacional 2026, la AFA confirm\u00f3 que el campeonato empezar\u00eda el 14 de febrero, donde For Ever ser\u00eda visitante de Acassuso, desde las 17. Esto siempre y cuando no existan nuevas sorpresas, ya que, en principio, el inicio del torneo fue puesto para el 7 de febrero, pero por falta de acuerdos con la televisaci\u00f3n debi\u00f3 postergarse.&nbsp;<\/p>\n\n\n\n<p>Por ahora, la AFA sigue sin convenios de televisaci\u00f3n para el f\u00fatbol de ascenso y tuvo que extender el plazo de licitaci\u00f3n hasta encontrar una oferta que le sea agradable, aunque solo habr\u00eda 3 postulantes presentados, por lo que, teniendo en cuenta lo ocurrido, no se descarta una nueva reprogramaci\u00f3n.&nbsp;<\/p>\n\n\n\n<h2 class=\"wp-block-heading\">Los que viajaron:&nbsp;<\/h2>\n\n\n\n<p><strong>Arqueros:<\/strong>&nbsp;Gast\u00f3n Canuto, Nicol\u00e1s Caprio<\/p>\n\n\n\n<p><strong>Defensores:&nbsp;<\/strong>Lucas Miholcevich, Ricardo Garay, Agust\u00edn Ojeda, Lucas Pruzzo, David Valdez, Mathias Silvera, Jorge Zules, Tiago Chamorro y Alan Luque, Andr\u00e9s Lioi.&nbsp;<\/p>\n\n\n\n<p><strong>Mediocampistas:&nbsp;<\/strong>Gabriel Ram\u00edrez, Leandro Espejo, Bahiano Garc\u00eda, Mat\u00edas Noble, Gonzalo Melgarejo, Juan Carrizo, Santiago Valenzuela, Joaqu\u00edn Mateo, Brian Nievas, Joaqu\u00edn Jara, Mat\u00edas Ferrari y Brian Guerra.&nbsp;<\/p>\n\n\n\n<p><strong>Delanteros:&nbsp;<\/strong>Tom\u00e1s Bolzicco, Imanol Enr\u00edquez, Leonardo Marinucci, Mateo D\u00edz, Agust\u00edn Zavaletta, Juan Cruz Cerrudo, Lucas Sauer y Santiago Villalba.&nbsp;<\/p>\n","protected":false},"excerpt":{"rendered":"<p>Amistoso: For Ever se mide este martes con Central Norte de Salta El conjunto chaque\u00f1o encara una gira de pretemporada en Salta. Viaj\u00f3 el domingo,&hellip; <\/p>\n","protected":false},"author":2,"featured_media":36046,"comment_status":"open","ping_status":"open","sticky":false,"template":"","format":"standard","meta":{"footnotes":""},"categories":[10,9],"tags":[],"class_list":["post-36045","post","type-post","status-publish","format-standard","has-post-thumbnail","hentry","category-deportes","category-destacadas"],"_links":{"self":[{"href":"https:\/\/lametro989.com\/index.php?rest_route=\/wp\/v2\/posts\/36045","targetHints":{"allow":["GET"]}}],"collection":[{"href":"https:\/\/lametro989.com\/index.php?rest_route=\/wp\/v2\/posts"}],"about":[{"href":"https:\/\/lametro989.com\/index.php?rest_route=\/wp\/v2\/types\/post"}],"author":[{"embeddable":true,"href":"https:\/\/lametro989.com\/index.php?rest_route=\/wp\/v2\/users\/2"}],"replies":[{"embeddable":true,"href":"https:\/\/lametro989.com\/index.php?rest_route=%2Fwp%2Fv2%2Fcomments&post=36045"}],"version-history":[{"count":1,"href":"https:\/\/lametro989.com\/index.php?rest_route=\/wp\/v2\/posts\/36045\/revisions"}],"predecessor-version":[{"id":36047,"href":"https:\/\/lametro989.com\/index.php?rest_route=\/wp\/v2\/posts\/36045\/revisions\/36047"}],"wp:featuredmedia":[{"embeddable":true,"href":"https:\/\/lametro989.com\/index.php?rest_route=\/wp\/v2\/media\/36046"}],"wp:attachment":[{"href":"https:\/\/lametro989.com\/index.php?rest_route=%2Fwp%2Fv2%2Fmedia&parent=36045"}],"wp:term":[{"taxonomy":"category","embeddable":true,"href":"https:\/\/lametro989.com\/index.php?rest_route=%2Fwp%2Fv2%2Fcategories&post=36045"},{"taxonomy":"post_tag","embeddable":true,"href":"https:\/\/lametro989.com\/index.php?rest_route=%2Fwp%2Fv2%2Ftags&post=36045"}],"curies":[{"name":"wp","href":"https:\/\/api.w.org\/{rel}","templated":true}]}}