{"id":36051,"date":"2026-01-28T17:10:53","date_gmt":"2026-01-28T20:10:53","guid":{"rendered":"https:\/\/lametro989.com\/?p=36051"},"modified":"2026-01-28T17:10:53","modified_gmt":"2026-01-28T20:10:53","slug":"desastre-en-la-patagonia-gobernadores-exigen-al-congreso-la-ley-de-emergencia-ignea","status":"publish","type":"post","link":"https:\/\/lametro989.com\/?p=36051","title":{"rendered":"Desastre en la Patagonia: Gobernadores exigen al Congreso la Ley de Emergencia \u00cdgnea"},"content":{"rendered":"\n<p>Ante la devastaci\u00f3n de m\u00e1s de&nbsp;<strong>230.000 hect\u00e1reas<\/strong>&nbsp;por incendios forestales, los mandatarios de las provincias patag\u00f3nicas conformaron un frente com\u00fan para exigir al Congreso de la Naci\u00f3n el tratamiento inmediato de la&nbsp;<strong>Ley de Emergencia \u00cdgnea<\/strong>. El pedido formal solicita que la iniciativa sea incluida en el temario de las sesiones extraordinarias que se reactivan este lunes 2 de febrero.&nbsp;<\/p>\n\n\n\n<figure class=\"wp-block-image size-full\"><img loading=\"lazy\" decoding=\"async\" width=\"850\" height=\"478\" src=\"https:\/\/lametro989.com\/wp-content\/uploads\/2026\/01\/65252w850h478c.jpg.webp\" alt=\"\" class=\"wp-image-36052\" srcset=\"https:\/\/lametro989.com\/wp-content\/uploads\/2026\/01\/65252w850h478c.jpg.webp 850w, https:\/\/lametro989.com\/wp-content\/uploads\/2026\/01\/65252w850h478c.jpg-300x169.webp 300w, https:\/\/lametro989.com\/wp-content\/uploads\/2026\/01\/65252w850h478c.jpg-768x432.webp 768w\" sizes=\"auto, (max-width: 850px) 100vw, 850px\" \/><\/figure>\n\n\n\n<p>La decisi\u00f3n fue tomada tras una cumbre virtual de la que participaron Alberto Weretilneck (R\u00edo Negro), Ignacio Torres(Chubut), Sergio Ziliotto (La Pampa), Rolando Figueroa (Neuqu\u00e9n) y Claudio Vidal (Santa Cruz).&nbsp;<\/p>\n\n\n\n<p>Un Impacto Ambiental sin Precedentes<br>Durante el encuentro, los gobernadores calificaron la situaci\u00f3n como &#8220;cr\u00edtica&#8221; y de un impacto productivo y ambiental &#8220;sin precedentes&#8221;. El relevamiento de las \u00e1reas afectadas arroja cifras alarmantes que exponen la magnitud de la crisis:<\/p>\n\n\n\n<figure class=\"wp-block-table\"><table class=\"has-fixed-layout\"><tbody><tr><td>Provincia<\/td><td>Hect\u00e1reas Afectadas<\/td><\/tr><tr><td>La Pampa<\/td><td>168.000<\/td><\/tr><tr><td>Chubut<\/td><td>45.000<\/td><\/tr><tr><td>R\u00edo Negro<\/td><td>10.000<\/td><\/tr><tr><td>Neuqu\u00e9n<\/td><td>6.000<\/td><\/tr><tr><td>Santa Cruz<\/td><td>700<\/td><\/tr><tr><td>TOTAL<\/td><td>+230.000<\/td><\/tr><\/tbody><\/table><\/figure>\n\n\n\n<p>El Objetivo: Fondos y Recursos Extraordinarios<br>Los mandatarios ya mantuvieron contacto con el ministro del Interior, Diego Santilli, para anticipar el reclamo legislativo. Seg\u00fan explicaron, la actual estructura del Sistema Nacional del Manejo del Fuego \u2014cuyo despliegue valoraron positivamente\u2014 resulta insuficiente ante la escala de los focos y la crisis clim\u00e1tica.<\/p>\n\n\n\n<p>La sanci\u00f3n de la ley de Emergencia \u00cdgnea permitir\u00eda:<\/p>\n\n\n\n<ul class=\"wp-block-list\">\n<li>Destrabar fondos extraordinarios de manera inmediata.<\/li>\n\n\n\n<li>Agilizar la incorporaci\u00f3n de medios a\u00e9reos y equipamiento pesado.<\/li>\n\n\n\n<li>Fortalecer la asistencia directa a las poblaciones y productores damnificados.<\/li>\n\n\n\n<li>Planificar la restauraci\u00f3n de los ecosistemas nativos devastados.<br><br>Dramatismo en el Terreno: 50 D\u00edas de Lucha<br>Mientras la diplomacia pol\u00edtica busca soluciones en Buenos Aires, en el territorio el escenario es dantesco. En Chubut, cientos de brigadistas \u2014con apoyo de cuadrillas enviadas desde Chile\u2014 cumplen 50 d\u00edas de combate ininterrumpido.<\/li>\n<\/ul>\n\n\n\n<p>Las llamas han llegado a superar los 50 metros de altura, impulsadas por r\u00e1fagas de viento de hasta 50 km\/h. La prioridad operativa ha virado de intentar contener el avance a proteger estrictamente las zonas urbanas, como la villa tur\u00edstica de Cholila y las cercan\u00edas de Esquel.<\/p>\n\n\n\n<p>En el Parque Nacional Los Alerces, foco que se reaviv\u00f3 tras una tormenta el\u00e9ctrica en diciembre, el humo denso condiciona la operatividad de aviones hidrantes y helic\u00f3pteros. Los residentes rurales realizan esfuerzos desesperados para trasladar ganado a zonas seguras, aunque las p\u00e9rdidas de animales ya son cuantiosas.<\/p>\n\n\n\n<p>Pron\u00f3stico Reservado<br>La meteorolog\u00eda sigue siendo el principal adversario. Aunque se esperan lluvias ligeras para este martes, las previsiones anticipan una semana de calor extremo con temperaturas que superar\u00e1n los 30\u00b0C. Sin el respaldo legal y financiero que otorga la Emergencia \u00cdgnea, los gobernadores advierten que la capacidad de respuesta provincial est\u00e1 llegando a su l\u00edmite.<\/p>\n","protected":false},"excerpt":{"rendered":"<p>Ante la devastaci\u00f3n de m\u00e1s de&nbsp;230.000 hect\u00e1reas&nbsp;por incendios forestales, los mandatarios de las provincias patag\u00f3nicas conformaron un frente com\u00fan para exigir al Congreso de la&hellip; <\/p>\n","protected":false},"author":2,"featured_media":36052,"comment_status":"open","ping_status":"open","sticky":false,"template":"","format":"standard","meta":{"footnotes":""},"categories":[9,13],"tags":[],"class_list":["post-36051","post","type-post","status-publish","format-standard","has-post-thumbnail","hentry","category-destacadas","category-nacionales"],"_links":{"self":[{"href":"https:\/\/lametro989.com\/index.php?rest_route=\/wp\/v2\/posts\/36051","targetHints":{"allow":["GET"]}}],"collection":[{"href":"https:\/\/lametro989.com\/index.php?rest_route=\/wp\/v2\/posts"}],"about":[{"href":"https:\/\/lametro989.com\/index.php?rest_route=\/wp\/v2\/types\/post"}],"author":[{"embeddable":true,"href":"https:\/\/lametro989.com\/index.php?rest_route=\/wp\/v2\/users\/2"}],"replies":[{"embeddable":true,"href":"https:\/\/lametro989.com\/index.php?rest_route=%2Fwp%2Fv2%2Fcomments&post=36051"}],"version-history":[{"count":1,"href":"https:\/\/lametro989.com\/index.php?rest_route=\/wp\/v2\/posts\/36051\/revisions"}],"predecessor-version":[{"id":36053,"href":"https:\/\/lametro989.com\/index.php?rest_route=\/wp\/v2\/posts\/36051\/revisions\/36053"}],"wp:featuredmedia":[{"embeddable":true,"href":"https:\/\/lametro989.com\/index.php?rest_route=\/wp\/v2\/media\/36052"}],"wp:attachment":[{"href":"https:\/\/lametro989.com\/index.php?rest_route=%2Fwp%2Fv2%2Fmedia&parent=36051"}],"wp:term":[{"taxonomy":"category","embeddable":true,"href":"https:\/\/lametro989.com\/index.php?rest_route=%2Fwp%2Fv2%2Fcategories&post=36051"},{"taxonomy":"post_tag","embeddable":true,"href":"https:\/\/lametro989.com\/index.php?rest_route=%2Fwp%2Fv2%2Ftags&post=36051"}],"curies":[{"name":"wp","href":"https:\/\/api.w.org\/{rel}","templated":true}]}}