{"id":36054,"date":"2026-01-28T17:12:16","date_gmt":"2026-01-28T20:12:16","guid":{"rendered":"https:\/\/lametro989.com\/?p=36054"},"modified":"2026-01-28T17:12:16","modified_gmt":"2026-01-28T20:12:16","slug":"chaco-firmo-un-acuerdo-con-came-y-fechaco-para-fortalecer-a-las-micro-y-pequenas-empresas","status":"publish","type":"post","link":"https:\/\/lametro989.com\/?p=36054","title":{"rendered":"Chaco firm\u00f3 un acuerdo con CAME y FECHACO para fortalecer a las micro y peque\u00f1as empresas"},"content":{"rendered":"\n<p><em>El convenio con CAME y FECHACO apunta a ampliar la capacitaci\u00f3n laboral, generar una base de trabajadores calificados y mejorar la competitividad de las MiPyMEs chaque\u00f1as<\/em><\/p>\n\n\n\n<figure class=\"wp-block-image size-full\"><img loading=\"lazy\" decoding=\"async\" width=\"850\" height=\"478\" src=\"https:\/\/lametro989.com\/wp-content\/uploads\/2026\/01\/65294w850h478c.jpg.webp\" alt=\"\" class=\"wp-image-36055\" srcset=\"https:\/\/lametro989.com\/wp-content\/uploads\/2026\/01\/65294w850h478c.jpg.webp 850w, https:\/\/lametro989.com\/wp-content\/uploads\/2026\/01\/65294w850h478c.jpg-300x169.webp 300w, https:\/\/lametro989.com\/wp-content\/uploads\/2026\/01\/65294w850h478c.jpg-768x432.webp 768w\" sizes=\"auto, (max-width: 850px) 100vw, 850px\" \/><\/figure>\n\n\n\n<p>La provincia del Chaco avanz\u00f3 en la consolidaci\u00f3n de pol\u00edticas de capacitaci\u00f3n y acompa\u00f1amiento al sector productivo tras la&nbsp;<strong>firma de un Acuerdo Marco de Cooperaci\u00f3n junto a la Confederaci\u00f3n Argentina de la Mediana Empresa (CAME) y la Federaci\u00f3n Econ\u00f3mica del Chaco (FECHACO)<\/strong>, con el objetivo de fortalecer a las micro, peque\u00f1as y medianas empresas (MiPyMEs).<\/p>\n\n\n\n<p>El convenio fue suscripto este martes en la ciudad de Buenos Aires y apunta a profundizar acciones vinculadas a la formaci\u00f3n laboral, la capacitaci\u00f3n empresaria y el acceso a nuevas herramientas para mejorar la competitividad del entramado productivo chaque\u00f1o.<\/p>\n\n\n\n<p>En di\u00e1logo con&nbsp;<em>Radio Libertad<\/em>, el presidente de FECHACO,&nbsp;<strong>Alfredo Gonz\u00e1lez,<\/strong>&nbsp;destac\u00f3 que<strong>&nbsp;el acuerdo viene a reafirmar un trabajo que se inici\u00f3 en 2024, cuando Chaco fue la primera provincia del pa\u00eds en lanzar el programa nacional Capacitar<\/strong>, una plataforma de formaci\u00f3n impulsada por la Subsecretar\u00eda de Producci\u00f3n de la Naci\u00f3n y CAME.<\/p>\n\n\n\n<p>&#8220;Chaco fue la primera provincia que lanz\u00f3 esta plataforma, que permiti\u00f3 capacitar a un inmenso universo de personas de todas las edades, con distintas herramientas y para distintos sectores, a trav\u00e9s de modalidades online&#8221;, explic\u00f3 Gonz\u00e1lez.<\/p>\n\n\n\n<p>El dirigente empresarial se\u00f1al\u00f3 adem\u00e1s que, a partir de esa experiencia, la Subsecretar\u00eda de Trabajo, Capacitaci\u00f3n y Empleo de la provincia avanz\u00f3 con la creaci\u00f3n de la plataforma Impulsar, que se implementa en conjunto con c\u00e1maras de comercio de todo el territorio chaque\u00f1o. Este sistema permite capacitar trabajadores y, al mismo tiempo, conformar una base de datos a disposici\u00f3n de las empresas que buscan personal con formaci\u00f3n previa.<\/p>\n\n\n\n<p>Seg\u00fan Gonz\u00e1lez, la primera etapa del programa tuvo una evaluaci\u00f3n &#8220;muy positiva&#8221;, al punto que varias empresas ya incorporaron trabajadores formados a trav\u00e9s de estas herramientas.&nbsp;<strong>&#8220;Hoy el empresario tiene la posibilidad de buscar personal en un lugar espec\u00edfico, con personas previamente capacitadas y con los datos que necesita&#8221;,<\/strong>&nbsp;remarc\u00f3.<\/p>\n\n\n\n<p>No obstante, el titular de FECHACO advirti\u00f3 que la capacitaci\u00f3n, si bien es una herramienta clave, no alcanza por s\u00ed sola para reactivar plenamente a las pymes. En ese sentido, se\u00f1al\u00f3 que el bajo nivel de consumo y el contexto de la macroeconom\u00eda siguen impactando con fuerza en la econom\u00eda real. &#8220;Eso todav\u00eda no se est\u00e1 dando, indudablemente, por el bajo consumo que hay&#8221;, afirm\u00f3.<\/p>\n\n\n\n<p>En ese marco, sostuvo que desde las entidades intermedias el compromiso es seguir fortaleciendo la formaci\u00f3n y estar preparados para cuando se reactive la actividad. &#8220;Lo que nos toca a nosotros desde este lado lo cumplimos. Despu\u00e9s es una labor del Gobierno nacional, que debe trabajarlo en conjunto con las provincias para que ese ordenamiento se proyecte en la microeconom\u00eda&#8221;, concluy\u00f3.<\/p>\n\n\n\n<p>El acto de firma del acuerdo cont\u00f3 con la presencia del gobernador Leandro Zdero, el ministro de Gobierno, Justicia, Trabajo y Derechos Humanos, Julio Ferro, y la subsecretaria de Trabajo, Capacitaci\u00f3n y Empleo, Mar\u00eda Noel Ibarra. Por CAME participaron su presidente Ricardo Diab y la secretaria general Beatriz del Carmen Tourn, mientras que por FECHACO asisti\u00f3 su presidente, Alfredo Gonz\u00e1lez.<\/p>\n","protected":false},"excerpt":{"rendered":"<p>El convenio con CAME y FECHACO apunta a ampliar la capacitaci\u00f3n laboral, generar una base de trabajadores calificados y mejorar la competitividad de las MiPyMEs&hellip; <\/p>\n","protected":false},"author":2,"featured_media":36055,"comment_status":"open","ping_status":"open","sticky":false,"template":"","format":"standard","meta":{"footnotes":""},"categories":[9,2],"tags":[],"class_list":["post-36054","post","type-post","status-publish","format-standard","has-post-thumbnail","hentry","category-destacadas","category-provinciales"],"_links":{"self":[{"href":"https:\/\/lametro989.com\/index.php?rest_route=\/wp\/v2\/posts\/36054","targetHints":{"allow":["GET"]}}],"collection":[{"href":"https:\/\/lametro989.com\/index.php?rest_route=\/wp\/v2\/posts"}],"about":[{"href":"https:\/\/lametro989.com\/index.php?rest_route=\/wp\/v2\/types\/post"}],"author":[{"embeddable":true,"href":"https:\/\/lametro989.com\/index.php?rest_route=\/wp\/v2\/users\/2"}],"replies":[{"embeddable":true,"href":"https:\/\/lametro989.com\/index.php?rest_route=%2Fwp%2Fv2%2Fcomments&post=36054"}],"version-history":[{"count":1,"href":"https:\/\/lametro989.com\/index.php?rest_route=\/wp\/v2\/posts\/36054\/revisions"}],"predecessor-version":[{"id":36056,"href":"https:\/\/lametro989.com\/index.php?rest_route=\/wp\/v2\/posts\/36054\/revisions\/36056"}],"wp:featuredmedia":[{"embeddable":true,"href":"https:\/\/lametro989.com\/index.php?rest_route=\/wp\/v2\/media\/36055"}],"wp:attachment":[{"href":"https:\/\/lametro989.com\/index.php?rest_route=%2Fwp%2Fv2%2Fmedia&parent=36054"}],"wp:term":[{"taxonomy":"category","embeddable":true,"href":"https:\/\/lametro989.com\/index.php?rest_route=%2Fwp%2Fv2%2Fcategories&post=36054"},{"taxonomy":"post_tag","embeddable":true,"href":"https:\/\/lametro989.com\/index.php?rest_route=%2Fwp%2Fv2%2Ftags&post=36054"}],"curies":[{"name":"wp","href":"https:\/\/api.w.org\/{rel}","templated":true}]}}