{"id":36057,"date":"2026-01-28T17:14:32","date_gmt":"2026-01-28T20:14:32","guid":{"rendered":"https:\/\/lametro989.com\/?p=36057"},"modified":"2026-01-28T17:14:32","modified_gmt":"2026-01-28T20:14:32","slug":"atencion-beneficiarios","status":"publish","type":"post","link":"https:\/\/lametro989.com\/?p=36057","title":{"rendered":"Atenci\u00f3n beneficiarios"},"content":{"rendered":"\n<h1 class=\"wp-block-heading\">Mir\u00e1 el calendario de pagos de ANSES para este jueves 29 de enero<\/h1>\n\n\n\n<p>La liquidaci\u00f3n llega con el aumento por movilidad del 2,47 por ciento correspondiente al per\u00edodo vigente.<\/p>\n\n\n\n<figure class=\"wp-block-image size-full\"><img loading=\"lazy\" decoding=\"async\" width=\"790\" height=\"444\" src=\"https:\/\/lametro989.com\/wp-content\/uploads\/2026\/01\/445093w790h444c.jpg.webp\" alt=\"\" class=\"wp-image-36058\" srcset=\"https:\/\/lametro989.com\/wp-content\/uploads\/2026\/01\/445093w790h444c.jpg.webp 790w, https:\/\/lametro989.com\/wp-content\/uploads\/2026\/01\/445093w790h444c.jpg-300x169.webp 300w, https:\/\/lametro989.com\/wp-content\/uploads\/2026\/01\/445093w790h444c.jpg-768x432.webp 768w\" sizes=\"auto, (max-width: 790px) 100vw, 790px\" \/><\/figure>\n\n\n\n<h2 class=\"wp-block-heading\">C\u00f3mo consultar tu fecha y medio de cobro<\/h2>\n\n\n\n<p>Desde el sitio web de ANSES: ingres\u00e1 a la opci\u00f3n&nbsp;<a href=\"https:\/\/www.anses.gob.ar\/consultas\/calendario-de-pagos\" target=\"_blank\" rel=\"noreferrer noopener\"><strong>Calendario de pagos<\/strong>&nbsp;<\/a>.<br>Desde&nbsp;<a href=\"https:\/\/servicioscorp.anses.gob.ar\/clavelogon\/logon.aspx?system=miansesv2\" target=\"_blank\" rel=\"noreferrer noopener\">mi ANSES<\/a>&nbsp;(web): entr\u00e1 con tu CUIL y tu Clave de la Seguridad Social. Luego, Cobros &gt; Consultar fecha y medio de cobro.<br>Desde la&nbsp;<a href=\"https:\/\/play.google.com\/store\/apps\/details?id=com.MiANSES&amp;hl=es\" target=\"_blank\" rel=\"noreferrer noopener\">app mi ANSES<\/a>: inici\u00e1 sesi\u00f3n con CUIL y Clave. Despu\u00e9s, Mis datos &gt; Mis fechas de cobro.<br>Por&nbsp;<a href=\"https:\/\/www.anses.gob.ar\/atencion-virtual\" target=\"_blank\" rel=\"noreferrer noopener\">Atenci\u00f3n Virtual<\/a>: con CUIL y Clave, seleccion\u00e1 Iniciar atenci\u00f3n &gt; Consultas r\u00e1pidas &gt; Cu\u00e1ndo y d\u00f3nde cobro.<br>Para quienes cobran en bancos de la ciudad, se recomienda chequear la acreditaci\u00f3n antes de trasladarse. Si ten\u00e9s asignada ventanilla, acud\u00ed con DNI en mano y respet\u00e1 los horarios de tu sucursal. Si cobr\u00e1s por cajero o billetera asociada, confirm\u00e1 la disponibilidad desde tu app bancaria para evitar demoras.<\/p>\n\n\n\n<h2 class=\"wp-block-heading\">Record\u00e1<\/h2>\n\n\n\n<ul class=\"wp-block-list\">\n<li>El incremento del 2,47% ya est\u00e1 incluido en el recibo de este mes.<\/li>\n\n\n\n<li>Si tu DNI no termina en 8 o 9, tu pago ya debi\u00f3 acreditarse seg\u00fan el cronograma previo.<\/li>\n\n\n\n<li>Ante dudas sobre lugar de cobro o cambios de boca de pago, gestion\u00e1 el tr\u00e1mite desde mi ANSES o ped\u00ed asistencia en la oficina local, con turno previo.<\/li>\n<\/ul>\n\n\n\n<p>Para m\u00e1s consultas y actualizaciones del calendario, se recomienda usar los canales digitales oficiales y mantener actualizados tus datos de contacto para recibir notificaciones en el momento.<\/p>\n","protected":false},"excerpt":{"rendered":"<p>Mir\u00e1 el calendario de pagos de ANSES para este jueves 29 de enero La liquidaci\u00f3n llega con el aumento por movilidad del 2,47 por ciento&hellip; <\/p>\n","protected":false},"author":2,"featured_media":36058,"comment_status":"open","ping_status":"open","sticky":false,"template":"","format":"standard","meta":{"footnotes":""},"categories":[9,13],"tags":[],"class_list":["post-36057","post","type-post","status-publish","format-standard","has-post-thumbnail","hentry","category-destacadas","category-nacionales"],"_links":{"self":[{"href":"https:\/\/lametro989.com\/index.php?rest_route=\/wp\/v2\/posts\/36057","targetHints":{"allow":["GET"]}}],"collection":[{"href":"https:\/\/lametro989.com\/index.php?rest_route=\/wp\/v2\/posts"}],"about":[{"href":"https:\/\/lametro989.com\/index.php?rest_route=\/wp\/v2\/types\/post"}],"author":[{"embeddable":true,"href":"https:\/\/lametro989.com\/index.php?rest_route=\/wp\/v2\/users\/2"}],"replies":[{"embeddable":true,"href":"https:\/\/lametro989.com\/index.php?rest_route=%2Fwp%2Fv2%2Fcomments&post=36057"}],"version-history":[{"count":1,"href":"https:\/\/lametro989.com\/index.php?rest_route=\/wp\/v2\/posts\/36057\/revisions"}],"predecessor-version":[{"id":36059,"href":"https:\/\/lametro989.com\/index.php?rest_route=\/wp\/v2\/posts\/36057\/revisions\/36059"}],"wp:featuredmedia":[{"embeddable":true,"href":"https:\/\/lametro989.com\/index.php?rest_route=\/wp\/v2\/media\/36058"}],"wp:attachment":[{"href":"https:\/\/lametro989.com\/index.php?rest_route=%2Fwp%2Fv2%2Fmedia&parent=36057"}],"wp:term":[{"taxonomy":"category","embeddable":true,"href":"https:\/\/lametro989.com\/index.php?rest_route=%2Fwp%2Fv2%2Fcategories&post=36057"},{"taxonomy":"post_tag","embeddable":true,"href":"https:\/\/lametro989.com\/index.php?rest_route=%2Fwp%2Fv2%2Ftags&post=36057"}],"curies":[{"name":"wp","href":"https:\/\/api.w.org\/{rel}","templated":true}]}}