{"id":36060,"date":"2026-01-28T17:17:29","date_gmt":"2026-01-28T20:17:29","guid":{"rendered":"https:\/\/lametro989.com\/?p=36060"},"modified":"2026-01-28T17:17:29","modified_gmt":"2026-01-28T20:17:29","slug":"con-800-testigos","status":"publish","type":"post","link":"https:\/\/lametro989.com\/?p=36060","title":{"rendered":"CON 800 TESTIGOS"},"content":{"rendered":"\n<h1 class=\"wp-block-heading\">En febrero comenzar\u00e1 el juicio por la desaparici\u00f3n de Loan Pe\u00f1a<\/h1>\n\n\n\n<p>Seg\u00fan la acusaci\u00f3n, la desaparici\u00f3n del ni\u00f1o correntino se produjo en un descampado elegido deliberadamente, sin c\u00e1maras ni controles, lo que permiti\u00f3 ejecutar la maniobra con rapidez.<\/p>\n\n\n\n<figure class=\"wp-block-image size-full\"><img loading=\"lazy\" decoding=\"async\" width=\"850\" height=\"476\" src=\"https:\/\/lametro989.com\/wp-content\/uploads\/2026\/01\/170710w850h476c.jpg.webp\" alt=\"\" class=\"wp-image-36061\" srcset=\"https:\/\/lametro989.com\/wp-content\/uploads\/2026\/01\/170710w850h476c.jpg.webp 850w, https:\/\/lametro989.com\/wp-content\/uploads\/2026\/01\/170710w850h476c.jpg-300x168.webp 300w, https:\/\/lametro989.com\/wp-content\/uploads\/2026\/01\/170710w850h476c.jpg-768x430.webp 768w\" sizes=\"auto, (max-width: 850px) 100vw, 850px\" \/><\/figure>\n\n\n\n<h3 class=\"wp-block-heading\"><strong>El pr\u00f3ximo 27 de febrero comenzar\u00e1 el juicio oral por la sustracci\u00f3n de Loan Danilo Pe\u00f1a, visto por \u00faltima vez el 13 de junio de 2024, en un paraje rural de Corrientes.<\/strong>&nbsp;<\/h3>\n\n\n\n<p>La Fiscal\u00eda Federal llega al debate con un n\u00facleo de hechos ya acreditados y con interrogantes centrales a\u00fan sin resolver.&nbsp;<strong>&#8220;Est\u00e1 probado que lo sustrajeron y lo trasladaron en un auto. Lo que falta saber es a d\u00f3nde lo llevaron y por qu\u00e9 lo hicieron&#8221;<\/strong>, explic\u00f3 el fiscal federal Carlos Schaefer, en declaraciones a Radi\u00f3polis Weekend, al anticipar los ejes del proceso.<\/p>\n\n\n\n<p><a href=\"https:\/\/www.youtube.com\/@datachacostream\/streams\" target=\"_blank\" rel=\"noreferrer noopener\"><\/a><\/p>\n\n\n\n<p>Seg\u00fan la acusaci\u00f3n,&nbsp;<strong>la desaparici\u00f3n se produjo en un descampado elegido deliberadamente, sin c\u00e1maras ni controles, lo que permiti\u00f3 ejecutar la maniobra con rapidez.<\/strong><\/p>\n\n\n\n<p><strong>Por el hecho principal hay siete personas imputadas, entre ellas, Carlos P\u00e9rez y Mar\u00eda Victoria Caillava, se\u00f1alados como presuntos organizadores de la sustracci\u00f3n.<\/strong><\/p>\n\n\n\n<p><strong>El delito que llegar\u00e1 a juicio prev\u00e9 penas de entre 5 y 15 a\u00f1os de prisi\u00f3n, por tratarse de un menor de cinco a\u00f1os<\/strong>&nbsp;. La Fiscal\u00eda sostiene que existi\u00f3 planificaci\u00f3n previa y un traslado vehicular inmediatamente posterior a la sustracci\u00f3n.<\/p>\n\n\n\n<p><strong>El juicio que comenzar\u00e1 a fines de febrero se destacar\u00e1 por su dimensi\u00f3n excepcional. La Fiscal\u00eda present\u00f3 cerca de 800 testigos<\/strong>, una cifra que refleja la complejidad del expediente y la existencia de una segunda causa acumulada por encubrimiento, en la que hay diez imputados adicionales.<\/p>\n\n\n\n<p>Entre ellos, figuran Laudelina Pe\u00f1a, t\u00eda del ni\u00f1o, y un comisario que permanece detenido. Para Schaefer, el rol de los encubridores result\u00f3 determinante para desviar la investigaci\u00f3n en los primeros d\u00edas: &#8220;Est\u00e1 probado que vinieron a entorpecer la causa. Hubo maniobras claras, incluso personas que se presentaron como abogados y no lo eran&#8221;.<\/p>\n","protected":false},"excerpt":{"rendered":"<p>En febrero comenzar\u00e1 el juicio por la desaparici\u00f3n de Loan Pe\u00f1a Seg\u00fan la acusaci\u00f3n, la desaparici\u00f3n del ni\u00f1o correntino se produjo en un descampado elegido&hellip; <\/p>\n","protected":false},"author":2,"featured_media":36061,"comment_status":"open","ping_status":"open","sticky":false,"template":"","format":"standard","meta":{"footnotes":""},"categories":[9,26],"tags":[],"class_list":["post-36060","post","type-post","status-publish","format-standard","has-post-thumbnail","hentry","category-destacadas","category-policiales"],"_links":{"self":[{"href":"https:\/\/lametro989.com\/index.php?rest_route=\/wp\/v2\/posts\/36060","targetHints":{"allow":["GET"]}}],"collection":[{"href":"https:\/\/lametro989.com\/index.php?rest_route=\/wp\/v2\/posts"}],"about":[{"href":"https:\/\/lametro989.com\/index.php?rest_route=\/wp\/v2\/types\/post"}],"author":[{"embeddable":true,"href":"https:\/\/lametro989.com\/index.php?rest_route=\/wp\/v2\/users\/2"}],"replies":[{"embeddable":true,"href":"https:\/\/lametro989.com\/index.php?rest_route=%2Fwp%2Fv2%2Fcomments&post=36060"}],"version-history":[{"count":1,"href":"https:\/\/lametro989.com\/index.php?rest_route=\/wp\/v2\/posts\/36060\/revisions"}],"predecessor-version":[{"id":36062,"href":"https:\/\/lametro989.com\/index.php?rest_route=\/wp\/v2\/posts\/36060\/revisions\/36062"}],"wp:featuredmedia":[{"embeddable":true,"href":"https:\/\/lametro989.com\/index.php?rest_route=\/wp\/v2\/media\/36061"}],"wp:attachment":[{"href":"https:\/\/lametro989.com\/index.php?rest_route=%2Fwp%2Fv2%2Fmedia&parent=36060"}],"wp:term":[{"taxonomy":"category","embeddable":true,"href":"https:\/\/lametro989.com\/index.php?rest_route=%2Fwp%2Fv2%2Fcategories&post=36060"},{"taxonomy":"post_tag","embeddable":true,"href":"https:\/\/lametro989.com\/index.php?rest_route=%2Fwp%2Fv2%2Ftags&post=36060"}],"curies":[{"name":"wp","href":"https:\/\/api.w.org\/{rel}","templated":true}]}}