{"id":36202,"date":"2026-01-30T18:11:42","date_gmt":"2026-01-30T21:11:42","guid":{"rendered":"https:\/\/lametro989.com\/?p=36202"},"modified":"2026-01-30T18:11:42","modified_gmt":"2026-01-30T21:11:42","slug":"el-gobierno-renovo-el-dni-y-el-pasaporte-que-cambia-y-desde-cuando-rigen-las-modificaciones","status":"publish","type":"post","link":"https:\/\/lametro989.com\/?p=36202","title":{"rendered":"El Gobierno renov\u00f3 el DNI y el pasaporte: qu\u00e9 cambia y desde cu\u00e1ndo rigen las modificaciones"},"content":{"rendered":"\n<p><em>Las modificaciones entran en vigencia desde febrero e incorporan nuevos formatos y medidas de seguridad, mientras que los documentos emitidos con anterioridad seguir\u00e1n siendo v\u00e1lidos hasta su vencimiento.<\/em><\/p>\n\n\n\n<figure class=\"wp-block-image size-large\"><img loading=\"lazy\" decoding=\"async\" width=\"1024\" height=\"558\" src=\"https:\/\/lametro989.com\/wp-content\/uploads\/2026\/01\/65375w1080h764-1024x558.jpg\" alt=\"\" class=\"wp-image-36203\" srcset=\"https:\/\/lametro989.com\/wp-content\/uploads\/2026\/01\/65375w1080h764-1024x558.jpg 1024w, https:\/\/lametro989.com\/wp-content\/uploads\/2026\/01\/65375w1080h764-300x164.jpg 300w, https:\/\/lametro989.com\/wp-content\/uploads\/2026\/01\/65375w1080h764-768x419.jpg 768w, https:\/\/lametro989.com\/wp-content\/uploads\/2026\/01\/65375w1080h764.jpg 1080w\" sizes=\"auto, (max-width: 1024px) 100vw, 1024px\" \/><\/figure>\n\n\n\n<p><strong>El Gobierno nacional oficializ\u00f3 una actualizaci\u00f3n en el Documento Nacional de Identidad (DNI) y el pasaporte argentino,<\/strong>&nbsp;con cambios en el formato, los elementos de seguridad y la tecnolog\u00eda incorporada.<strong>&nbsp;Las medidas fueron dispuestas por la Registro Nacional de las Personas (Renaper) y comenzar\u00e1n a regir a partir del 1\u00b0 de febrero de 2026.<\/strong><\/p>\n\n\n\n<p>Las modificaciones quedaron establecidas en dos disposiciones publicadas en el Bolet\u00edn Oficial y responden a la necesidad de adecuar la documentaci\u00f3n argentina a los est\u00e1ndares internacionales de identificaci\u00f3n y seguridad, en particular a las normas t\u00e9cnicas fijadas por la Organizaci\u00f3n de Aviaci\u00f3n Civil Internacional (OACI).<\/p>\n\n\n\n<h2 class=\"wp-block-heading\">Un nuevo DNI electr\u00f3nico<\/h2>\n\n\n\n<p>Entre los principales cambios se destaca la&nbsp;<strong>creaci\u00f3n de un DNI electr\u00f3nico,<\/strong>&nbsp;que estar\u00e1 confeccionado en policarbonato multicapa, con grabado l\u00e1ser, impresi\u00f3n por chorro de tinta y chip sin contacto. El dise\u00f1o y los elementos del documento variar\u00e1n seg\u00fan la edad y la nacionalidad del titular, aunque mantendr\u00e1n un formato unificado.<\/p>\n\n\n\n<p>Para los ciudadanos argentinos mayores de 14 a\u00f1os, el DNI incluir\u00e1 el escudo nacional, la denominaci\u00f3n &#8220;Rep\u00fablica Argentina \u2013 Mercosur&#8221;, los datos personales habituales, fotograf\u00eda a color, firma del titular y diversos elementos de seguridad, como imagen fantasma, n\u00famero de serie grabado por l\u00e1ser y c\u00f3digo CAN. En los casos en que la persona no pueda firmar, ese espacio quedar\u00e1 en blanco.<\/p>\n\n\n\n<p>En el caso de menores de edad, el documento conserva las mismas caracter\u00edsticas generales. Para ni\u00f1os menores de 5 a\u00f1os, la firma corresponder\u00e1 al padre, madre o representante legal, mientras que a partir de esa edad se incorporar\u00e1 la firma del propio menor.<\/p>\n\n\n\n<p>Adem\u00e1s, se prev\u00e9 la emisi\u00f3n de un DNI &#8220;0 A\u00f1o&#8221; provisorio para reci\u00e9n nacidos que no puedan ser trasladados por razones de salud debidamente certificadas. Este documento tendr\u00e1 validez exclusivamente dentro del territorio nacional y contendr\u00e1 solo datos biogr\u00e1ficos y filiatorios.<\/p>\n\n\n\n<p>El DNI para personas extranjeras, tanto menores como mayores, mantendr\u00e1 el mismo formato general que el de los ciudadanos argentinos, con la incorporaci\u00f3n de datos espec\u00edficos como pa\u00eds de nacimiento y, en caso de corresponder, informaci\u00f3n vinculada al proceso de naturalizaci\u00f3n.<\/p>\n\n\n\n<h2 class=\"wp-block-heading\">Cambios en el pasaporte argentino<\/h2>\n\n\n\n<p>En paralelo, el Renaper dispuso modificaciones en el pasaporte, que pasar\u00e1 a contar con 34 p\u00e1ginas y una hoja de datos en policarbonato personalizada con grabado l\u00e1ser. Seg\u00fan se inform\u00f3 oficialmente, el objetivo es reforzar la protecci\u00f3n de los datos personales y elevar los niveles de seguridad y durabilidad del documento, en l\u00ednea con los est\u00e1ndares internacionales vigentes.<\/p>\n\n\n\n<p><a href=\"https:\/\/www.libertaddigital.com.ar\/59418-el-gobierno-renovo-el-dni-y-el-pasaporte-que-cambia-y-desde-cuando-rigen-las-modificaciones#\"><\/a><\/p>\n\n\n\n<figure class=\"wp-block-image\"><a class=\"spotlight\" href=\"https:\/\/www.libertaddigital.com.ar\/59418-el-gobierno-renovo-el-dni-y-el-pasaporte-que-cambia-y-desde-cuando-rigen-las-modificaciones#\"><img decoding=\"async\" src=\"https:\/\/www.libertaddigital.com.ar\/content\/bucket\/4\/65374w790h431c.jpg.webp\" alt=\"\"\/><\/a><\/figure>\n\n\n\n<p>Desde el organismo dependiente del Ministerio del Interior aclararon que los pasaportes emitidos con anterioridad a la entrada en vigencia de la medida seguir\u00e1n siendo v\u00e1lidos hasta su fecha de vencimiento, salvo que una futura disposici\u00f3n establezca lo contrario.<\/p>\n\n\n\n<p>Durante el per\u00edodo de transici\u00f3n, el Renaper continuar\u00e1 utilizando los insumos actualmente disponibles hasta su agotamiento. Por ese motivo, podr\u00e1n seguir emiti\u00e9ndose documentos con el formato anterior, los cuales conservar\u00e1n plena validez legal hasta su expiraci\u00f3n.<\/p>\n","protected":false},"excerpt":{"rendered":"<p>Las modificaciones entran en vigencia desde febrero e incorporan nuevos formatos y medidas de seguridad, mientras que los documentos emitidos con anterioridad seguir\u00e1n siendo v\u00e1lidos&hellip; <\/p>\n","protected":false},"author":2,"featured_media":36203,"comment_status":"open","ping_status":"open","sticky":false,"template":"","format":"standard","meta":{"footnotes":""},"categories":[9,13],"tags":[],"class_list":["post-36202","post","type-post","status-publish","format-standard","has-post-thumbnail","hentry","category-destacadas","category-nacionales"],"_links":{"self":[{"href":"https:\/\/lametro989.com\/index.php?rest_route=\/wp\/v2\/posts\/36202","targetHints":{"allow":["GET"]}}],"collection":[{"href":"https:\/\/lametro989.com\/index.php?rest_route=\/wp\/v2\/posts"}],"about":[{"href":"https:\/\/lametro989.com\/index.php?rest_route=\/wp\/v2\/types\/post"}],"author":[{"embeddable":true,"href":"https:\/\/lametro989.com\/index.php?rest_route=\/wp\/v2\/users\/2"}],"replies":[{"embeddable":true,"href":"https:\/\/lametro989.com\/index.php?rest_route=%2Fwp%2Fv2%2Fcomments&post=36202"}],"version-history":[{"count":1,"href":"https:\/\/lametro989.com\/index.php?rest_route=\/wp\/v2\/posts\/36202\/revisions"}],"predecessor-version":[{"id":36204,"href":"https:\/\/lametro989.com\/index.php?rest_route=\/wp\/v2\/posts\/36202\/revisions\/36204"}],"wp:featuredmedia":[{"embeddable":true,"href":"https:\/\/lametro989.com\/index.php?rest_route=\/wp\/v2\/media\/36203"}],"wp:attachment":[{"href":"https:\/\/lametro989.com\/index.php?rest_route=%2Fwp%2Fv2%2Fmedia&parent=36202"}],"wp:term":[{"taxonomy":"category","embeddable":true,"href":"https:\/\/lametro989.com\/index.php?rest_route=%2Fwp%2Fv2%2Fcategories&post=36202"},{"taxonomy":"post_tag","embeddable":true,"href":"https:\/\/lametro989.com\/index.php?rest_route=%2Fwp%2Fv2%2Ftags&post=36202"}],"curies":[{"name":"wp","href":"https:\/\/api.w.org\/{rel}","templated":true}]}}