{"id":36205,"date":"2026-01-30T18:12:51","date_gmt":"2026-01-30T21:12:51","guid":{"rendered":"https:\/\/lametro989.com\/?p=36205"},"modified":"2026-01-30T18:12:51","modified_gmt":"2026-01-30T21:12:51","slug":"cuando-empiezan-las-clases-en-chaco-cronograma-completo-del-ciclo-lectivo-2026","status":"publish","type":"post","link":"https:\/\/lametro989.com\/?p=36205","title":{"rendered":"Cu\u00e1ndo empiezan las clases en Chaco: cronograma completo del ciclo lectivo 2026"},"content":{"rendered":"\n<p><em>El ciclo lectivo 2026 en Chaco tendr\u00e1 un inicio escalonado seg\u00fan el nivel educativo, con actividades institucionales desde febrero, receso invernal en julio y finalizaci\u00f3n de clases en diciembre.<\/em><\/p>\n\n\n\n<figure class=\"wp-block-image size-full\"><img loading=\"lazy\" decoding=\"async\" width=\"850\" height=\"478\" src=\"https:\/\/lametro989.com\/wp-content\/uploads\/2026\/01\/38013w850h478c.jpg.webp\" alt=\"\" class=\"wp-image-36206\" srcset=\"https:\/\/lametro989.com\/wp-content\/uploads\/2026\/01\/38013w850h478c.jpg.webp 850w, https:\/\/lametro989.com\/wp-content\/uploads\/2026\/01\/38013w850h478c.jpg-300x169.webp 300w, https:\/\/lametro989.com\/wp-content\/uploads\/2026\/01\/38013w850h478c.jpg-768x432.webp 768w\" sizes=\"auto, (max-width: 850px) 100vw, 850px\" \/><\/figure>\n\n\n\n<p>El Ministerio de Educaci\u00f3n defini\u00f3 el Calendario Escolar 2026 para la provincia del Chaco, con las fechas de inicio de actividades, comienzo de clases por nivel, receso invernal y finalizaci\u00f3n del ciclo lectivo. El esquema contempla un calendario abierto, con participaci\u00f3n de las comunidades educativas y adecuaciones regionales seg\u00fan la realidad de cada zona.<\/p>\n\n\n\n<h2 class=\"wp-block-heading\">Inicio del per\u00edodo escolar<\/h2>\n\n\n\n<p>El 23 de febrero comenzar\u00e1 el per\u00edodo escolar, con la presentaci\u00f3n obligatoria de supervisores, personal directivo, docentes, bibliotecarios, administrativos y no docentes en todos los niveles y modalidades. En esta etapa se desarrollan tareas administrativas, pedag\u00f3gicas y de planificaci\u00f3n institucional.<\/p>\n\n\n\n<h2 class=\"wp-block-heading\">Cu\u00e1ndo comienzan las clases en Chaco<\/h2>\n\n\n\n<p>El inicio del ciclo lectivo ser\u00e1 escalonado seg\u00fan el nivel educativo:<\/p>\n\n\n\n<ul class=\"wp-block-list\">\n<li><strong>Nivel Primario y modalidades: 2 de marzo<\/strong><\/li>\n\n\n\n<li><strong>Nivel Inicial y modalidades: 3 de marzo<\/strong><\/li>\n\n\n\n<li><strong>Nivel Secundario y modalidades: 12 de marzo<\/strong><\/li>\n\n\n\n<li><strong>Nivel Superior: 6 de abri<\/strong>l<\/li>\n<\/ul>\n\n\n\n<p>El ciclo lectivo se desarrollar\u00e1 en dos etapas, separadas por el receso de invierno, y deber\u00e1 cumplir con la cantidad de d\u00edas efectivos de clase establecidos por la Resoluci\u00f3n del Consejo Federal de Educaci\u00f3n N\u00b0 484\/2024.<\/p>\n\n\n\n<h2 class=\"wp-block-heading\">Receso de invierno<\/h2>\n\n\n\n<p>El receso invernal est\u00e1 previsto del 20 al 31 de julio, per\u00edodo en el que se interrumpe el dictado de clases en todos los niveles.<\/p>\n\n\n\n<h2 class=\"wp-block-heading\">Finalizaci\u00f3n del ciclo lectivo<\/h2>\n\n\n\n<ul class=\"wp-block-list\">\n<li><strong>Cierre del segundo cuatrimestre: 30 de noviembre<\/strong><\/li>\n\n\n\n<li><strong>Fin del ciclo lectivo (clases): 18 de diciembre<\/strong><\/li>\n\n\n\n<li><strong>Fin del per\u00edodo escolar: 23 de diciembre, con instancias de evaluaci\u00f3n, compensaci\u00f3n y cierre durante diciembre de 2026<\/strong>.<\/li>\n<\/ul>\n\n\n\n<h2 class=\"wp-block-heading\">Qu\u00e9 implica el &#8220;calendario abierto&#8221;<\/h2>\n\n\n\n<p>El calendario escolar se enmarca en la modalidad de Calendario Abierto, que busca:<\/p>\n\n\n\n<ul class=\"wp-block-list\">\n<li>Descentralizar decisiones en Direcciones Regionales Educativas y sus subsedes.<\/li>\n\n\n\n<li>Resolver problem\u00e1ticas locales seg\u00fan el entorno educativo.<\/li>\n\n\n\n<li>Distribuir actividades de acuerdo con diagn\u00f3sticos regionales.<\/li>\n\n\n\n<li>Incorporar efem\u00e9rides locales conforme a la normativa vigente.<\/li>\n\n\n\n<li>Articular instancias educativas para asegurar coherencia en todo el sistema provincial.<\/li>\n\n\n\n<li>Fomentar la participaci\u00f3n de las comunidades educativas en la planificaci\u00f3n y ajustes.<\/li>\n<\/ul>\n\n\n\n<h2 class=\"wp-block-heading\">Suspensi\u00f3n de actividades y reuniones<\/h2>\n\n\n\n<p>El calendario prev\u00e9 la suspensi\u00f3n de actividades solo en casos excepcionales: aniversarios institucionales (25, 50, 75 y 100 a\u00f1os), duelo, o medidas preventivas por razones sanitarias, clim\u00e1ticas o de seguridad, siempre con comunicaci\u00f3n a la autoridad superior.<\/p>\n\n\n\n<p>Adem\u00e1s, se establecen reuniones programadas con familias y estudiantes sin suspensi\u00f3n de clases, tanto al inicio del ciclo como durante el a\u00f1o, para acuerdos de convivencia, informaci\u00f3n acad\u00e9mica y seguimiento del proceso educativo.<\/p>\n","protected":false},"excerpt":{"rendered":"<p>El ciclo lectivo 2026 en Chaco tendr\u00e1 un inicio escalonado seg\u00fan el nivel educativo, con actividades institucionales desde febrero, receso invernal en julio y finalizaci\u00f3n&hellip; <\/p>\n","protected":false},"author":2,"featured_media":36206,"comment_status":"open","ping_status":"open","sticky":false,"template":"","format":"standard","meta":{"footnotes":""},"categories":[9,2],"tags":[],"class_list":["post-36205","post","type-post","status-publish","format-standard","has-post-thumbnail","hentry","category-destacadas","category-provinciales"],"_links":{"self":[{"href":"https:\/\/lametro989.com\/index.php?rest_route=\/wp\/v2\/posts\/36205","targetHints":{"allow":["GET"]}}],"collection":[{"href":"https:\/\/lametro989.com\/index.php?rest_route=\/wp\/v2\/posts"}],"about":[{"href":"https:\/\/lametro989.com\/index.php?rest_route=\/wp\/v2\/types\/post"}],"author":[{"embeddable":true,"href":"https:\/\/lametro989.com\/index.php?rest_route=\/wp\/v2\/users\/2"}],"replies":[{"embeddable":true,"href":"https:\/\/lametro989.com\/index.php?rest_route=%2Fwp%2Fv2%2Fcomments&post=36205"}],"version-history":[{"count":1,"href":"https:\/\/lametro989.com\/index.php?rest_route=\/wp\/v2\/posts\/36205\/revisions"}],"predecessor-version":[{"id":36207,"href":"https:\/\/lametro989.com\/index.php?rest_route=\/wp\/v2\/posts\/36205\/revisions\/36207"}],"wp:featuredmedia":[{"embeddable":true,"href":"https:\/\/lametro989.com\/index.php?rest_route=\/wp\/v2\/media\/36206"}],"wp:attachment":[{"href":"https:\/\/lametro989.com\/index.php?rest_route=%2Fwp%2Fv2%2Fmedia&parent=36205"}],"wp:term":[{"taxonomy":"category","embeddable":true,"href":"https:\/\/lametro989.com\/index.php?rest_route=%2Fwp%2Fv2%2Fcategories&post=36205"},{"taxonomy":"post_tag","embeddable":true,"href":"https:\/\/lametro989.com\/index.php?rest_route=%2Fwp%2Fv2%2Ftags&post=36205"}],"curies":[{"name":"wp","href":"https:\/\/api.w.org\/{rel}","templated":true}]}}