{"id":37811,"date":"2026-03-02T09:00:16","date_gmt":"2026-03-02T12:00:16","guid":{"rendered":"https:\/\/lametro989.com\/?p=37811"},"modified":"2026-03-02T09:00:16","modified_gmt":"2026-03-02T12:00:16","slug":"ubeda-tomo-la-decision-que-pone-en-jaque-su-continuidad-en-boca","status":"publish","type":"post","link":"https:\/\/lametro989.com\/?p=37811","title":{"rendered":"\u00dabeda tom\u00f3 la decisi\u00f3n que pone en jaque su continuidad en Boca"},"content":{"rendered":"\n<p>En Boca Juniors muchos miran de reojo la continuidad de Claudio \u00dabeda. El DT tom\u00f3 una decisi\u00f3n que lo pone en jaque.<\/p>\n\n\n\n<figure class=\"wp-block-image size-large\"><img loading=\"lazy\" decoding=\"async\" width=\"1024\" height=\"576\" src=\"https:\/\/lametro989.com\/wp-content\/uploads\/2026\/03\/image-6-1024x576.png\" alt=\"\" class=\"wp-image-37812\" srcset=\"https:\/\/lametro989.com\/wp-content\/uploads\/2026\/03\/image-6-1024x576.png 1024w, https:\/\/lametro989.com\/wp-content\/uploads\/2026\/03\/image-6-300x169.png 300w, https:\/\/lametro989.com\/wp-content\/uploads\/2026\/03\/image-6-768x432.png 768w, https:\/\/lametro989.com\/wp-content\/uploads\/2026\/03\/image-6.png 1200w\" sizes=\"auto, (max-width: 1024px) 100vw, 1024px\" \/><\/figure>\n\n\n\n<p><strong><a href=\"https:\/\/urgente24.com\/golazo24\/torneo-apertura-boca-1-1-gimnasia-mendoza-el-xeneize-no-pudo-local-n619927\" target=\"_blank\" rel=\"noreferrer noopener\">Boca Juniors viene de empatar ante Gimnasia y Esgrima de Mendoza<\/a><\/strong>&nbsp;el pasado s\u00e1bado 28 de febrero en la Bombonera y tendr\u00e1 un partido bisagra el pr\u00f3ximo mi\u00e9rcoles 4 de marzo, cuando visite a Lanus en el N\u00e9stor D\u00edaz P\u00e9rez por el&nbsp;<a href=\"https:\/\/urgente24.com\/\/tag\/torneo-apertura\">Torneo Apertura<\/a>.<\/p>\n\n\n\n<p>El Xeneize se fue silbado por su gente tras el encuentro frente al conjunto mendocino y, en este contexto,&nbsp;<strong><a href=\"https:\/\/urgente24.com\/golazo24\/claudio-ubeda-patea-el-tablero-boca-y-el-impacto-llega-riquelme-n619692\" target=\"_blank\" rel=\"noreferrer noopener\">Claudio Ubeda habr\u00eda tomado una decisi\u00f3n<\/a><\/strong>&nbsp;que podr\u00eda poner en jaque su continuidad en el club de la Ribera.<\/p>\n\n\n\n<p>https:\/\/googleads.g.doubleclick.net\/pagead\/ads?client=ca-pub-8307208308807838&#038;output=html&#038;h=280&#038;slotname=9153272886&#038;adk=1706765099&#038;adf=3348792284&#038;pi=t.ma~as.9153272886&#038;w=657&#038;fwrn=4&#038;fwrnh=100&#038;lmt=1772452325&#038;rafmt=1&#038;format=657&#215;280&#038;url=https%3A%2F%2Furgente24.com%2Fgolazo24%2Fubeda-tomo-la-decision-que-pone-jaque-su-continuidad-boca-n619961&#038;fwr=0&#038;fwrattr=true&#038;rpe=1&#038;resp_fmts=3&#038;uach=WyJXaW5kb3dzIiwiMTAuMC4wIiwieDg2IiwiIiwiMTQ1LjAuNzYzMi4xMTciLG51bGwsMCxudWxsLCI2NCIsW1siTm90OkEtQnJhbmQiLCI5OS4wLjAuMCJdLFsiR29vZ2xlIENocm9tZSIsIjE0NS4wLjc2MzIuMTE3Il0sWyJDaHJvbWl1bSIsIjE0NS4wLjc2MzIuMTE3Il1dLDBd&#038;abgtt=6&#038;dt=1772452644236&#038;bpp=6&#038;bdt=118&#038;idt=123&#038;shv=r20260225&#038;mjsv=m202602260101&#038;ptt=9&#038;saldr=aa&#038;abxe=1&#038;cookie=ID%3D27ebbad6b1f0e7d2%3AT%3D1772451404%3ART%3D1772452388%3AS%3DALNI_MYzmUpQbML1IFYJahAR7GrNVEjB9g&#038;gpic=UID%3D000012fbd393741d%3AT%3D1772451404%3ART%3D1772452388%3AS%3DALNI_MYCA8ZACIvGx-kevc0bZu9MPnsTbQ&#038;eo_id_str=ID%3Def4ada43885a009c%3AT%3D1772451404%3ART%3D1772452388%3AS%3DAA-AfjZTGYZfCQZDquXphAzB7vT6&#038;prev_fmts=0x0%2C970x90&#038;nras=1&#038;correlator=7809409109625&#038;frm=20&#038;pv=1&#038;u_tz=-180&#038;u_his=4&#038;u_h=768&#038;u_w=1366&#038;u_ah=728&#038;u_aw=1366&#038;u_cd=32&#038;u_sd=1&#038;dmc=8&#038;adx=176&#038;ady=1644&#038;biw=1351&#038;bih=626&#038;scr_x=0&#038;scr_y=0&#038;eid=95378429%2C95381340%2C95382853%2C95383859%2C31096975%2C42533294%2C95344787%2C95383747%2C95384355%2C95383750%2C95379823&#038;oid=2&#038;pvsid=8017510591191292&#038;tmod=2080365485&#038;uas=1&#038;nvt=1&#038;ref=https%3A%2F%2Furgente24.com%2F&#038;fc=1920&#038;brdim=0%2C0%2C0%2C0%2C1366%2C0%2C1366%2C728%2C1366%2C641&#038;vis=1&#038;rsz=%7C%7CpEebr%7C&#038;abl=CS&#038;pfx=0&#038;fu=1152&#038;bc=31&#038;bz=1&#038;ifi=3&#038;uci=a!3&#038;btvi=1&#038;fsb=1&#038;dtd=133<\/p>\n\n\n\n<h2 class=\"wp-block-heading\"><a href=\"https:\/\/urgente24.com\/boca-a32034\">Boca<\/a>,&nbsp;<a href=\"https:\/\/urgente24.com\/gimnasia-a3875\">Gimnasia<\/a>&nbsp;de Mendoza y&nbsp;<a href=\"https:\/\/urgente24.com\/lanus-a2317\">Lan\u00fas<\/a><\/h2>\n\n\n\n<p>Boca Juniors igual\u00f3 1-1 con Gimnasia y Esgrima de Mendoza el s\u00e1bado 28 de febrero en la Bombonera y se fue silbado por su gente. <\/p>\n\n\n\n<figure class=\"wp-block-image size-large\"><img loading=\"lazy\" decoding=\"async\" width=\"1024\" height=\"683\" src=\"https:\/\/lametro989.com\/wp-content\/uploads\/2026\/03\/image-7-1024x683.png\" alt=\"\" class=\"wp-image-37813\" srcset=\"https:\/\/lametro989.com\/wp-content\/uploads\/2026\/03\/image-7-1024x683.png 1024w, https:\/\/lametro989.com\/wp-content\/uploads\/2026\/03\/image-7-300x200.png 300w, https:\/\/lametro989.com\/wp-content\/uploads\/2026\/03\/image-7-768x512.png 768w, https:\/\/lametro989.com\/wp-content\/uploads\/2026\/03\/image-7.png 1200w\" sizes=\"auto, (max-width: 1024px) 100vw, 1024px\" \/><\/figure>\n\n\n\n<p>El Xeneize ya hab\u00eda empatado como local ante Platense y&nbsp;<strong><a href=\"https:\/\/urgente24.com\/golazo24\/boca-juniors-0-vs-racing-club-0-un-clasico-muy-hablado-y-poco-jugado-n619447\" target=\"_blank\" rel=\"noreferrer noopener\">Racing Club<\/a><\/strong>, y lejos de conseguir un ideal 9 de 9 en su estadio, apenas sum\u00f3 3 puntos, sin poder capitalizar el impulso de jugar en casa.<\/p>\n\n\n\n<p>Tras el partido, el entrenador Claudio Ubeda declar\u00f3:&nbsp;<em><strong>\u201cDurante todo el partido tuvimos el control del juego, quiz\u00e1 en el primer tiempo no tuvimos verticalidad como en el segundo. No se not\u00f3 en el arco rival la cantidad de situaciones que tuvimos, 8 o 10 claras que no pudimos concretar y est\u00e1 ah\u00ed nuestra deficiencia de no haber podido ganar\u201d<\/strong><\/em>.<\/p>\n\n\n\n<p>Todo indica que el compromiso del mi\u00e9rcoles 4 de marzo ante Lanus, correspondiente al pendiente de la&nbsp;<strong><a href=\"https:\/\/urgente24.com\/golazo24\/talleres-0-vs-san-lorenzo-0-partido-intenso-pero-goles-cordoba-n619932\/amp\" target=\"_blank\" rel=\"noreferrer noopener\">fecha 7 del Torneo Apertura<\/a><\/strong>, ser\u00e1 bisagra para la continuidad del DT.&nbsp;<\/p>\n\n\n\n<p>El encuentro se disputar\u00e1 desde las 21 horas en el estadio Estadio Nestor Diaz Perez. .<\/p>\n\n\n\n<h2 class=\"wp-block-heading\">\u00bfContinuidad de&nbsp;<a href=\"https:\/\/urgente24.com\/claudio-ubeda-a72955\">Claudio \u00dabeda<\/a>?<\/h2>\n\n\n\n<p>Entendiendo la importancia que tiene el partido ante Lanus para Claudio Ubeda, el DT, junto a su cuerpo t\u00e9cnico, habr\u00eda tomado decisiones importantes.<\/p>\n\n\n\n<p>El periodista Augusto Cesar confirm\u00f3 que es altamente probable que&nbsp;<strong><a href=\"https:\/\/urgente24.com\/golazo24\/impacto-boca-leandro-paredes-dejo-expuesto-edinson-cavani-n619667\" target=\"_blank\" rel=\"noreferrer noopener\">Leandro Paredes<\/a><\/strong>&nbsp;vuelva a la titularidad.<\/p>\n\n\n\n<p>Adem\u00e1s, el entrenador tendr\u00eda en mente incluir en el once a un futbolista de experiencia como Ander Herrera y a un juvenil como Tomas Aranda, quien cada vez que ingres\u00f3 demostr\u00f3 personalidad y car\u00e1cter para afrontar distintos contextos.<\/p>\n\n\n\n<p>Lo cierto es que el partido del pr\u00f3ximo mi\u00e9rcoles ser\u00e1 determinante para la continuidad de \u00dabeda en el banco del Xeneize.<\/p>\n\n\n\n<figure class=\"wp-block-image\" id=\"589600-Libre-2104871200_wrap\"><img decoding=\"async\" src=\"https:\/\/media.urgente24.com\/p\/c10364d58f968c5cb8b0fb2e5709ab65\/adjuntos\/319\/imagenes\/003\/397\/0003397367\/1200x0\/smart\/image.png\" alt=\"\" title=\"\"\/><\/figure>\n\n\n\n<p>Si bien el DT tiene contrato hasta mitad de a\u00f1o y distintos periodistas partidarios aseguran que la dirigencia encabezada por Juan Roman Riquelme no eval\u00faa su salida, un mal resultado ante Lan\u00fas podr\u00eda cambiar el panorama.<\/p>\n\n\n\n<p>Seg\u00fan inform\u00f3 Clarin el 16 de febrero, Riquelme tendr\u00eda en mente cuatro entrenadores para reemplazar al actual. Ellos ser\u00edan:&nbsp;<strong>Ruben Dario Insua (hoy en Barracas Central), Cristian Gonzalez, Nestor Lorenzo, actual seleccionador de Seleccion Colombia, y Antonio Mohamed<\/strong>.<\/p>\n","protected":false},"excerpt":{"rendered":"<p>En Boca Juniors muchos miran de reojo la continuidad de Claudio \u00dabeda. El DT tom\u00f3 una decisi\u00f3n que lo pone en jaque. Boca Juniors viene&hellip; <\/p>\n","protected":false},"author":2,"featured_media":37812,"comment_status":"open","ping_status":"open","sticky":false,"template":"","format":"standard","meta":{"footnotes":""},"categories":[10],"tags":[],"class_list":["post-37811","post","type-post","status-publish","format-standard","has-post-thumbnail","hentry","category-deportes"],"_links":{"self":[{"href":"https:\/\/lametro989.com\/index.php?rest_route=\/wp\/v2\/posts\/37811","targetHints":{"allow":["GET"]}}],"collection":[{"href":"https:\/\/lametro989.com\/index.php?rest_route=\/wp\/v2\/posts"}],"about":[{"href":"https:\/\/lametro989.com\/index.php?rest_route=\/wp\/v2\/types\/post"}],"author":[{"embeddable":true,"href":"https:\/\/lametro989.com\/index.php?rest_route=\/wp\/v2\/users\/2"}],"replies":[{"embeddable":true,"href":"https:\/\/lametro989.com\/index.php?rest_route=%2Fwp%2Fv2%2Fcomments&post=37811"}],"version-history":[{"count":1,"href":"https:\/\/lametro989.com\/index.php?rest_route=\/wp\/v2\/posts\/37811\/revisions"}],"predecessor-version":[{"id":37814,"href":"https:\/\/lametro989.com\/index.php?rest_route=\/wp\/v2\/posts\/37811\/revisions\/37814"}],"wp:featuredmedia":[{"embeddable":true,"href":"https:\/\/lametro989.com\/index.php?rest_route=\/wp\/v2\/media\/37812"}],"wp:attachment":[{"href":"https:\/\/lametro989.com\/index.php?rest_route=%2Fwp%2Fv2%2Fmedia&parent=37811"}],"wp:term":[{"taxonomy":"category","embeddable":true,"href":"https:\/\/lametro989.com\/index.php?rest_route=%2Fwp%2Fv2%2Fcategories&post=37811"},{"taxonomy":"post_tag","embeddable":true,"href":"https:\/\/lametro989.com\/index.php?rest_route=%2Fwp%2Fv2%2Ftags&post=37811"}],"curies":[{"name":"wp","href":"https:\/\/api.w.org\/{rel}","templated":true}]}}