{"id":37815,"date":"2026-03-02T09:02:15","date_gmt":"2026-03-02T12:02:15","guid":{"rendered":"https:\/\/lametro989.com\/?p=37815"},"modified":"2026-03-02T09:02:15","modified_gmt":"2026-03-02T12:02:15","slug":"la-afa-tuvo-un-rol-protagonico-en-el-retorno-del-gendarme-nahuel-gallo","status":"publish","type":"post","link":"https:\/\/lametro989.com\/?p=37815","title":{"rendered":"La AFA tuvo un rol protag\u00f3nico en el retorno del gendarme Nahuel Gallo"},"content":{"rendered":"\n<p>El gendarme argentino Nahuel Gallo fue liberado este domingo tras pasar 448 d\u00edas detenido por el r\u00e9gimen de Nicol\u00e1s Maduro en Venezuela. El operativo de retorno, lejos de los canales diplom\u00e1ticos tradicionales, mostr\u00f3 el peso institucional y log\u00edstico de la Asociaci\u00f3n del F\u00fatbol Argentino (AFA).<\/p>\n\n\n\n<figure class=\"wp-block-image size-full\"><img loading=\"lazy\" decoding=\"async\" width=\"620\" height=\"349\" src=\"https:\/\/lametro989.com\/wp-content\/uploads\/2026\/03\/image-8.png\" alt=\"\" class=\"wp-image-37816\" srcset=\"https:\/\/lametro989.com\/wp-content\/uploads\/2026\/03\/image-8.png 620w, https:\/\/lametro989.com\/wp-content\/uploads\/2026\/03\/image-8-300x169.png 300w\" sizes=\"auto, (max-width: 620px) 100vw, 620px\" \/><\/figure>\n\n\n\n<p>La liberaci\u00f3n del cabo primero Gallo, quien hab\u00eda sido acusado de espionaje en diciembre de 2024 mientras visitaba a su familia, se concret\u00f3 bajo el r\u00f3tulo de una gesti\u00f3n deportiva y humanitaria.<\/p>\n\n\n\n<p>Fue la propia AFA la encargada de emitir el primer comunicado oficial, con el t\u00edtulo \u201cEl f\u00fatbol, un puente humanitario\u201d, antes incluso que las carteras de Seguridad o Canciller\u00eda brindaran detalles del traslado.<\/p>\n\n\n\n<p>Gallo emprendi\u00f3 su regreso a la Argentina a bordo de un Learjet 60 (matr\u00edcula LV-KMA) de la empresa Baires Fly, aeronave que utiliza habitualmente el presidente de la AFA, Claudio \u201cChiqui\u201d Tapia, para sus traslados oficiales y personales.<\/p>\n\n\n\n<p>La Asociaci\u00f3n agradeci\u00f3 expl\u00edcitamente a la vicepresidenta venezolana, Delcy Rodr\u00edguez, y a la Federaci\u00f3n Venezolana de F\u00fatbol (FVF) por facilitar el contacto. El organismo destac\u00f3 que \u201clos lazos construidos a trav\u00e9s del f\u00fatbol pueden contribuir positivamente al bienestar de nuestras naciones\u201d.<\/p>\n\n\n\n<p>La foto de la liberaci\u00f3n muestra a Gallo acompa\u00f1ado por figuras de peso en el entorno de Tapia: Luciano Nakis (prosecretario de AFA) y Fernando Isla C\u00e1ceres (jefe de Relaciones Institucionales), evidenciando que la c\u00fapula de la calle Viamonte supervis\u00f3 el operativo in situ.<\/p>\n\n\n\n<p>Mientras la AFA capitalizaba el \u00e9xito del rescate log\u00edstico, el Gobierno Nacional, a trav\u00e9s del canciller Pablo Quirno, opt\u00f3 por un mensaje de corte m\u00e1s geopol\u00edtico. El ministro agradeci\u00f3 la presi\u00f3n internacional de pa\u00edses como Estados Unidos e Italia, adem\u00e1s de la ONG Foro Penal, sin hacer menci\u00f3n directa a la intervenci\u00f3n de la dirigencia futbol\u00edstica en su comunicado inicial.<\/p>\n\n\n\n<p>Por su parte, la senadora Patricia Bullrich celebr\u00f3 la noticia en redes sociales: \u201c\u00a1Nahuel Gallo est\u00e1 volviendo a casa! Esta victoria es de todos los que lucharon por su libertad\u201d.<\/p>\n\n\n\n<p>Gallo, que prestaba servicio en Mendoza, hab\u00eda viajado a Venezuela de licencia para ver a su mujer y su hijo. Su detenci\u00f3n en la frontera con Colombia lo llev\u00f3 al penal El Rodeo I, donde permaneci\u00f3 incomunicado y bajo acusaciones que la Argentina siempre consider\u00f3 infundadas.<\/p>\n\n\n\n<p>Tras casi 15 meses de incertidumbre, se espera que el gendarme aterrice en las primeras horas del lunes para reencontrarse con su familia, cerrando un cap\u00edtulo donde la pelota, por una vez, pes\u00f3 m\u00e1s que las banderas diplom\u00e1ticas.<\/p>\n","protected":false},"excerpt":{"rendered":"<p>El gendarme argentino Nahuel Gallo fue liberado este domingo tras pasar 448 d\u00edas detenido por el r\u00e9gimen de Nicol\u00e1s Maduro en Venezuela. El operativo de&hellip; <\/p>\n","protected":false},"author":2,"featured_media":37816,"comment_status":"open","ping_status":"open","sticky":false,"template":"","format":"standard","meta":{"footnotes":""},"categories":[9,13],"tags":[],"class_list":["post-37815","post","type-post","status-publish","format-standard","has-post-thumbnail","hentry","category-destacadas","category-nacionales"],"_links":{"self":[{"href":"https:\/\/lametro989.com\/index.php?rest_route=\/wp\/v2\/posts\/37815","targetHints":{"allow":["GET"]}}],"collection":[{"href":"https:\/\/lametro989.com\/index.php?rest_route=\/wp\/v2\/posts"}],"about":[{"href":"https:\/\/lametro989.com\/index.php?rest_route=\/wp\/v2\/types\/post"}],"author":[{"embeddable":true,"href":"https:\/\/lametro989.com\/index.php?rest_route=\/wp\/v2\/users\/2"}],"replies":[{"embeddable":true,"href":"https:\/\/lametro989.com\/index.php?rest_route=%2Fwp%2Fv2%2Fcomments&post=37815"}],"version-history":[{"count":1,"href":"https:\/\/lametro989.com\/index.php?rest_route=\/wp\/v2\/posts\/37815\/revisions"}],"predecessor-version":[{"id":37817,"href":"https:\/\/lametro989.com\/index.php?rest_route=\/wp\/v2\/posts\/37815\/revisions\/37817"}],"wp:featuredmedia":[{"embeddable":true,"href":"https:\/\/lametro989.com\/index.php?rest_route=\/wp\/v2\/media\/37816"}],"wp:attachment":[{"href":"https:\/\/lametro989.com\/index.php?rest_route=%2Fwp%2Fv2%2Fmedia&parent=37815"}],"wp:term":[{"taxonomy":"category","embeddable":true,"href":"https:\/\/lametro989.com\/index.php?rest_route=%2Fwp%2Fv2%2Fcategories&post=37815"},{"taxonomy":"post_tag","embeddable":true,"href":"https:\/\/lametro989.com\/index.php?rest_route=%2Fwp%2Fv2%2Ftags&post=37815"}],"curies":[{"name":"wp","href":"https:\/\/api.w.org\/{rel}","templated":true}]}}