{"id":37822,"date":"2026-03-02T13:02:14","date_gmt":"2026-03-02T16:02:14","guid":{"rendered":"https:\/\/lametro989.com\/?p=37822"},"modified":"2026-03-02T13:02:14","modified_gmt":"2026-03-02T16:02:14","slug":"cipolini-se-diferencio-del-oficialismo-el-congreso-se-convirtio-en-una-cancha-de-futbol","status":"publish","type":"post","link":"https:\/\/lametro989.com\/?p=37822","title":{"rendered":"Cipolini se diferenci\u00f3 del oficialismo: &#8220;El Congreso se convirti\u00f3 en una cancha de f\u00fatbol&#8221;"},"content":{"rendered":"\n<p>El diputado nacional analiz\u00f3 en Radio Facundo Quiroga la din\u00e1mica del Congreso, cuestion\u00f3 la violencia verbal y el desorden en la apertura de sesiones y advirti\u00f3 sobre los desaf\u00edos econ\u00f3micos que enfrenta el pa\u00eds.<\/p>\n\n\n\n<figure class=\"wp-block-image size-full is-resized\"><img loading=\"lazy\" decoding=\"async\" width=\"850\" height=\"470\" src=\"https:\/\/lametro989.com\/wp-content\/uploads\/2026\/03\/image-11.png\" alt=\"\" class=\"wp-image-37823\" style=\"aspect-ratio:1.8085177958689362;width:808px;height:auto\" srcset=\"https:\/\/lametro989.com\/wp-content\/uploads\/2026\/03\/image-11.png 850w, https:\/\/lametro989.com\/wp-content\/uploads\/2026\/03\/image-11-300x166.png 300w, https:\/\/lametro989.com\/wp-content\/uploads\/2026\/03\/image-11-768x425.png 768w\" sizes=\"auto, (max-width: 850px) 100vw, 850px\" \/><\/figure>\n\n\n\n<p>El inicio de las sesiones ordinarias del Congreso nacional gener\u00f3 pol\u00e9mica por el tono del discurso y la din\u00e1mica dentro del recinto. El diputado nacional,&nbsp;Gerardo Cipolini, analiz\u00f3 en comunicaci\u00f3n con&nbsp;Radio Facundo Quiroga&nbsp;que, aunque no estuvo presente en la asamblea, por lo que escuch\u00f3 por medios&nbsp;\u201cel discurso del presidente fue un poco violento en algunos momentos. Me parece que no cabe para la figura de un presidente un discurso a la asamblea en esos t\u00e9rminos\u201d.<\/p>\n\n\n\n<p>Al criticar la din\u00e1mica dentro del Congreso, Cipolini sostuvo:&nbsp;\u201cPor momentos, escuchamos un Congreso que parec\u00eda una cancha de f\u00fatbol: a los gritos, coreando palabras. El Congreso se ha transformado en eso, y cuando hay desorden empezamos a transitar un camino incorrecto\u201d. Y agreg\u00f3 sobre la formalidad institucional:&nbsp;\u201cSomos representantes del pueblo y hay que ir dignamente vestidos a la c\u00e1mara, no se puede ir en remera o camiseta, no es una cancha de f\u00fatbol y el debate ha pasado a la historia. Parece que quien grita m\u00e1s fuerte tiene raz\u00f3n\u201d.<\/p>\n\n\n\n<p>Respecto a los anuncios del presidente, el diputado advirti\u00f3 sobre la situaci\u00f3n econ\u00f3mica:&nbsp;\u201cEspero que cuando mande los paquetes de reformas sean \u00fatiles y productivos, porque la gente tiene cierta satisfacci\u00f3n por el abatimiento de la inflaci\u00f3n, pero no le alcanza el dinero para llegar a fin de mes. Es alarmante el n\u00famero de empresas que se cierran y gente que queda en la calle. El modelo, de momento, no est\u00e1 demostrando \u00e9xito en ning\u00fan sentido\u201d.<\/p>\n\n\n\n<p>Cipolini tambi\u00e9n explic\u00f3 su postura dentro del oficialismo y la relaci\u00f3n con el gobernador chaque\u00f1o:&nbsp;\u201cA veces votamos leyes, por ejemplo la Ley Laboral, porque hay un pedido de que la votemos, no por gusto del presidente, sino para acompa\u00f1ar las necesidades del gobernador, que enfrenta vencimientos financieros que no son de su gesti\u00f3n y tendr\u00e1 que resolverlos con la Naci\u00f3n\u201d.<\/p>\n\n\n\n<p>Finalmente, al referirse a las reformas constitucionales nacionales y provinciales, Cipolini afirm\u00f3:&nbsp;\u201cMeternos con el art\u00edculo 14 bis ser\u00eda un retroceso tremendo. La Constituci\u00f3n nuestra, incluida la reforma de 1994, es muy buena y hay que respetarla y cumplir su mandato. Inventar la p\u00f3lvora me parece innecesario\u201d.<\/p>\n","protected":false},"excerpt":{"rendered":"<p>El diputado nacional analiz\u00f3 en Radio Facundo Quiroga la din\u00e1mica del Congreso, cuestion\u00f3 la violencia verbal y el desorden en la apertura de sesiones y&hellip; <\/p>\n","protected":false},"author":2,"featured_media":37823,"comment_status":"open","ping_status":"open","sticky":false,"template":"","format":"standard","meta":{"footnotes":""},"categories":[9,2],"tags":[],"class_list":["post-37822","post","type-post","status-publish","format-standard","has-post-thumbnail","hentry","category-destacadas","category-provinciales"],"_links":{"self":[{"href":"https:\/\/lametro989.com\/index.php?rest_route=\/wp\/v2\/posts\/37822","targetHints":{"allow":["GET"]}}],"collection":[{"href":"https:\/\/lametro989.com\/index.php?rest_route=\/wp\/v2\/posts"}],"about":[{"href":"https:\/\/lametro989.com\/index.php?rest_route=\/wp\/v2\/types\/post"}],"author":[{"embeddable":true,"href":"https:\/\/lametro989.com\/index.php?rest_route=\/wp\/v2\/users\/2"}],"replies":[{"embeddable":true,"href":"https:\/\/lametro989.com\/index.php?rest_route=%2Fwp%2Fv2%2Fcomments&post=37822"}],"version-history":[{"count":2,"href":"https:\/\/lametro989.com\/index.php?rest_route=\/wp\/v2\/posts\/37822\/revisions"}],"predecessor-version":[{"id":37825,"href":"https:\/\/lametro989.com\/index.php?rest_route=\/wp\/v2\/posts\/37822\/revisions\/37825"}],"wp:featuredmedia":[{"embeddable":true,"href":"https:\/\/lametro989.com\/index.php?rest_route=\/wp\/v2\/media\/37823"}],"wp:attachment":[{"href":"https:\/\/lametro989.com\/index.php?rest_route=%2Fwp%2Fv2%2Fmedia&parent=37822"}],"wp:term":[{"taxonomy":"category","embeddable":true,"href":"https:\/\/lametro989.com\/index.php?rest_route=%2Fwp%2Fv2%2Fcategories&post=37822"},{"taxonomy":"post_tag","embeddable":true,"href":"https:\/\/lametro989.com\/index.php?rest_route=%2Fwp%2Fv2%2Ftags&post=37822"}],"curies":[{"name":"wp","href":"https:\/\/api.w.org\/{rel}","templated":true}]}}