{"id":37826,"date":"2026-03-02T13:04:45","date_gmt":"2026-03-02T16:04:45","guid":{"rendered":"https:\/\/lametro989.com\/?p=37826"},"modified":"2026-03-02T13:04:45","modified_gmt":"2026-03-02T16:04:45","slug":"zdero-sobre-la-clausula-gatillo-cuando-se-tengan-los-recursos-vamos-a-estar-para-acompanarlos","status":"publish","type":"post","link":"https:\/\/lametro989.com\/?p=37826","title":{"rendered":"Zdero sobre la cl\u00e1usula gatillo: &#8220;Cuando se tengan los recursos, vamos a estar para acompa\u00f1arlos&#8221;"},"content":{"rendered":"\n<p><em>&#8220;La primera cl\u00e1usula me toc\u00f3 pagar 53%, la segunda 51%. En los primeros seis meses hab\u00eda que aumentar el 100% y lo hicimos a pesar de las dificultades&#8221;, dijo.\u00a0<\/em><\/p>\n\n\n\n<figure class=\"wp-block-image size-full\"><img loading=\"lazy\" decoding=\"async\" width=\"850\" height=\"470\" src=\"https:\/\/lametro989.com\/wp-content\/uploads\/2026\/03\/image-12.png\" alt=\"\" class=\"wp-image-37827\" srcset=\"https:\/\/lametro989.com\/wp-content\/uploads\/2026\/03\/image-12.png 850w, https:\/\/lametro989.com\/wp-content\/uploads\/2026\/03\/image-12-300x166.png 300w, https:\/\/lametro989.com\/wp-content\/uploads\/2026\/03\/image-12-768x425.png 768w\" sizes=\"auto, (max-width: 850px) 100vw, 850px\" \/><\/figure>\n\n\n\n<p>Tras el mensaje de la ministra de Educaci\u00f3n,&nbsp;<strong>Sof\u00eda Naidenoff,<\/strong>&nbsp;el gobernador&nbsp;<strong>Leandro Zdero<\/strong>&nbsp;tom\u00f3 la palabra en el acto oficial de inicio del ciclo lectivo primario 2026, realizado en la E.E.P. N\u00ba 132 de Isla del Cerrito.<\/p>\n\n\n\n<p>Desde esa localidad, donde la instituci\u00f3n cumplir\u00e1 100 a\u00f1os este mes, Zdero dej\u00f3 inaugurado formalmente el ciclo lectivo en toda la provincia y abord\u00f3 de manera directa el conflicto salarial docente y la suspensi\u00f3n de la cl\u00e1usula gatillo.<\/p>\n\n\n\n<h2 class=\"wp-block-heading\">&#8220;Tenemos un compromiso con la calidad educativa&#8221;<\/h2>\n\n\n\n<p>El mandatario record\u00f3 que hab\u00eda asumido el compromiso de iniciar el ciclo en esa escuela, destacando que la educaci\u00f3n &#8220;tiene el mismo sentido en la ciudad capital o en el paraje m\u00e1s alejado&#8221;.<strong>&#8220;Para nosotros la escuela tiene sentido si estos chicos aprenden&#8221;,<\/strong>&nbsp;sostuvo, y remarc\u00f3 que uno de los objetivos centrales de su gesti\u00f3n es mejorar los indicadores educativos de la provincia.<\/p>\n\n\n\n<p><strong>&#8220;Quer\u00edamos salir definitivamente del \u00faltimo escal\u00f3n en que hemos encontrado esta provincia con los \u00edndices m\u00e1s duros en calidad educativa&#8221;<\/strong>, afirm\u00f3.<\/p>\n\n\n\n<p>En ese marco, destac\u00f3 que en dos a\u00f1os de gesti\u00f3n comenzaron a revertirse algunos indicadores. Como ejemplo, mencion\u00f3 que antes de 2023 los alumnos le\u00edan en promedio 16 palabras por minuto y que actualmente alcanzan las 36 palabras por minuto.&#8221;Parecen cifras, pero es un paso hacia la comprensi\u00f3n de texto, hacia que nuestros chicos puedan discernir, elegir y pensar cr\u00edticamente&#8221;, se\u00f1al\u00f3.<\/p>\n\n\n\n<h2 class=\"wp-block-heading\">La cl\u00e1usula gatillo y el l\u00edmite de los recursos<\/h2>\n\n\n\n<p>En el tramo m\u00e1s pol\u00edtico de su discurso,&nbsp;<strong>Zdero se refiri\u00f3 a la cl\u00e1usula gatillo y al reclamo salarial del sector docente.&nbsp;<\/strong>&#8220;Todos tienen derecho a plantear diferencias, pero cuando uno asume la responsabilidad de gobernar lo tiene que hacer diciendo la verdad, aunque duela&#8221;, expres\u00f3.<\/p>\n\n\n\n<p>El gobernador record\u00f3 que en los primeros meses de gesti\u00f3n se pagaron aumentos importantes vinculados a la cl\u00e1usula.&nbsp;<strong>&#8220;La primera cl\u00e1usula me toc\u00f3 pagar 53%, la segunda 51%. En los primeros seis meses hab\u00eda que aumentar el 100% y lo hicimos a pesar de las dificultades&#8221;<\/strong>&nbsp;, afirm\u00f3.<\/p>\n\n\n\n<p>Sin embargo, reconoci\u00f3 el actual escenario financiero y marc\u00f3 un l\u00edmite: &#8220;Cuando se tengan los recursos, vamos a estar para acompa\u00f1ar. Porque queremos docentes mejores pagos, s\u00ed se\u00f1or&#8221;.<\/p>\n\n\n\n<p>Tambi\u00e9n explic\u00f3 que la provincia enfrenta un fuerte endeudamiento y que gran parte de los recursos disponibles se destinan a salarios. &#8220;Todo lo que ingresa tratamos de que vaya a sueldo&#8221;, indic\u00f3.<\/p>\n\n\n\n<h2 class=\"wp-block-heading\"><strong>Cambio de matriz y rol del sector privado&nbsp;<\/strong>&nbsp;<\/h2>\n\n\n\n<p>Zdero vincul\u00f3 la discusi\u00f3n salarial con un planteo m\u00e1s amplio sobre el modelo provincial. Sostuvo que Chaco necesita &#8220;cambiar la matriz&#8221; y reducir la dependencia del empleo estatal.<\/p>\n\n\n\n<p>&#8220;La provincia no puede volver al camino de que todo dependa del Estado.&nbsp;<strong>Cada vez que m\u00e1s grande es el Estado, menos posibilidades tenemos de mejorar los salarios<\/strong>&#8220;, afirm\u00f3.<\/p>\n\n\n\n<p>En esa l\u00ednea, defendi\u00f3 la generaci\u00f3n de empleo privado y rechaz\u00f3 que los j\u00f3venes dependan de &#8220;un puntero pol\u00edtico&#8221; para acceder a oportunidades. &#8220;Quiero que estos chicos sean libres, que tengan una vida mejor que la que tuvieron sus padres y abuelos&#8221;, expres\u00f3.<\/p>\n\n\n\n<h2 class=\"wp-block-heading\">Educaci\u00f3n, tecnolog\u00eda y futuro&nbsp;<\/h2>\n\n\n\n<p>El gobernador tambi\u00e9n hizo referencia a los cambios demogr\u00e1ficos y tecnol\u00f3gicos. Se\u00f1al\u00f3 que la matr\u00edcula escolar tender\u00e1 a reducirse en los pr\u00f3ximos a\u00f1os y que ser\u00e1 necesario planificar el sistema educativo con esa realidad. &#8220;Se viene la inteligencia artificial, se vienen otros modos de aprender. A los chicos de la isla no les podemos negar esa oportunidad&#8221;, sostuvo.<\/p>\n\n\n\n<p>En el cierre, agradeci\u00f3 a la comunidad educativa, al intendente local y a las familias por acompa\u00f1ar el acto y reiter\u00f3 su compromiso con la educaci\u00f3n p\u00fablica. &#8220;Prefiero ser franco, prefiero ser directo. Gobernar no es solo ganar una elecci\u00f3n, es transformar para que estos chicos tengan un futuro mejor&#8221;, concluy\u00f3.<\/p>\n","protected":false},"excerpt":{"rendered":"<p>&#8220;La primera cl\u00e1usula me toc\u00f3 pagar 53%, la segunda 51%. En los primeros seis meses hab\u00eda que aumentar el 100% y lo hicimos a pesar&hellip; <\/p>\n","protected":false},"author":2,"featured_media":37827,"comment_status":"open","ping_status":"open","sticky":false,"template":"","format":"standard","meta":{"footnotes":""},"categories":[9,2],"tags":[],"class_list":["post-37826","post","type-post","status-publish","format-standard","has-post-thumbnail","hentry","category-destacadas","category-provinciales"],"_links":{"self":[{"href":"https:\/\/lametro989.com\/index.php?rest_route=\/wp\/v2\/posts\/37826","targetHints":{"allow":["GET"]}}],"collection":[{"href":"https:\/\/lametro989.com\/index.php?rest_route=\/wp\/v2\/posts"}],"about":[{"href":"https:\/\/lametro989.com\/index.php?rest_route=\/wp\/v2\/types\/post"}],"author":[{"embeddable":true,"href":"https:\/\/lametro989.com\/index.php?rest_route=\/wp\/v2\/users\/2"}],"replies":[{"embeddable":true,"href":"https:\/\/lametro989.com\/index.php?rest_route=%2Fwp%2Fv2%2Fcomments&post=37826"}],"version-history":[{"count":1,"href":"https:\/\/lametro989.com\/index.php?rest_route=\/wp\/v2\/posts\/37826\/revisions"}],"predecessor-version":[{"id":37828,"href":"https:\/\/lametro989.com\/index.php?rest_route=\/wp\/v2\/posts\/37826\/revisions\/37828"}],"wp:featuredmedia":[{"embeddable":true,"href":"https:\/\/lametro989.com\/index.php?rest_route=\/wp\/v2\/media\/37827"}],"wp:attachment":[{"href":"https:\/\/lametro989.com\/index.php?rest_route=%2Fwp%2Fv2%2Fmedia&parent=37826"}],"wp:term":[{"taxonomy":"category","embeddable":true,"href":"https:\/\/lametro989.com\/index.php?rest_route=%2Fwp%2Fv2%2Fcategories&post=37826"},{"taxonomy":"post_tag","embeddable":true,"href":"https:\/\/lametro989.com\/index.php?rest_route=%2Fwp%2Fv2%2Ftags&post=37826"}],"curies":[{"name":"wp","href":"https:\/\/api.w.org\/{rel}","templated":true}]}}