{"id":37832,"date":"2026-03-03T07:27:13","date_gmt":"2026-03-03T10:27:13","guid":{"rendered":"https:\/\/lametro989.com\/?p=37832"},"modified":"2026-03-03T07:27:13","modified_gmt":"2026-03-03T10:27:13","slug":"agentes-secuestran-camioneta-melliza-en-general-san-martin","status":"publish","type":"post","link":"https:\/\/lametro989.com\/?p=37832","title":{"rendered":"AGENTES SECUESTRAN CAMIONETA MELLIZA EN GENERAL SAN MART\u00cdN"},"content":{"rendered":"\n<p><strong>Este lunes, personal de Investigaciones Complejas Interior secuestr\u00f3 una camioneta Ford Ranger en un domicilio de calle Donovan al 300 aproximadamente, en el marco de una causa por supuesta adulteraci\u00f3n de numeraci\u00f3n de motor y chasis.<\/strong><\/p>\n\n\n\n<figure class=\"wp-block-image size-large\"><img loading=\"lazy\" decoding=\"async\" width=\"1024\" height=\"576\" src=\"https:\/\/lametro989.com\/wp-content\/uploads\/2026\/03\/image-13-1024x576.png\" alt=\"\" class=\"wp-image-37833\" srcset=\"https:\/\/lametro989.com\/wp-content\/uploads\/2026\/03\/image-13-1024x576.png 1024w, https:\/\/lametro989.com\/wp-content\/uploads\/2026\/03\/image-13-300x169.png 300w, https:\/\/lametro989.com\/wp-content\/uploads\/2026\/03\/image-13-768x432.png 768w, https:\/\/lametro989.com\/wp-content\/uploads\/2026\/03\/image-13-1536x864.png 1536w, https:\/\/lametro989.com\/wp-content\/uploads\/2026\/03\/image-13.png 1599w\" sizes=\"auto, (max-width: 1024px) 100vw, 1024px\" \/><\/figure>\n\n\n\n<p>Tras las primeras verificaciones, se detect\u00f3 que los dominios y la c\u00e9dula de identificaci\u00f3n ser\u00edan ap\u00f3crifos, adem\u00e1s de anomal\u00edas en las numeraciones identificatorias.<\/p>\n\n\n\n<p>El rodado fue trasladado a la unidad policial, se dio intervenci\u00f3n a Criminal\u00edstica y se inform\u00f3 al magistrado en turno, continu\u00e1ndose con las actuaciones judiciales.<\/p>\n","protected":false},"excerpt":{"rendered":"<p>Este lunes, personal de Investigaciones Complejas Interior secuestr\u00f3 una camioneta Ford Ranger en un domicilio de calle Donovan al 300 aproximadamente, en el marco de&hellip; <\/p>\n","protected":false},"author":2,"featured_media":37833,"comment_status":"open","ping_status":"open","sticky":false,"template":"","format":"standard","meta":{"footnotes":""},"categories":[9,2],"tags":[],"class_list":["post-37832","post","type-post","status-publish","format-standard","has-post-thumbnail","hentry","category-destacadas","category-provinciales"],"_links":{"self":[{"href":"https:\/\/lametro989.com\/index.php?rest_route=\/wp\/v2\/posts\/37832","targetHints":{"allow":["GET"]}}],"collection":[{"href":"https:\/\/lametro989.com\/index.php?rest_route=\/wp\/v2\/posts"}],"about":[{"href":"https:\/\/lametro989.com\/index.php?rest_route=\/wp\/v2\/types\/post"}],"author":[{"embeddable":true,"href":"https:\/\/lametro989.com\/index.php?rest_route=\/wp\/v2\/users\/2"}],"replies":[{"embeddable":true,"href":"https:\/\/lametro989.com\/index.php?rest_route=%2Fwp%2Fv2%2Fcomments&post=37832"}],"version-history":[{"count":1,"href":"https:\/\/lametro989.com\/index.php?rest_route=\/wp\/v2\/posts\/37832\/revisions"}],"predecessor-version":[{"id":37834,"href":"https:\/\/lametro989.com\/index.php?rest_route=\/wp\/v2\/posts\/37832\/revisions\/37834"}],"wp:featuredmedia":[{"embeddable":true,"href":"https:\/\/lametro989.com\/index.php?rest_route=\/wp\/v2\/media\/37833"}],"wp:attachment":[{"href":"https:\/\/lametro989.com\/index.php?rest_route=%2Fwp%2Fv2%2Fmedia&parent=37832"}],"wp:term":[{"taxonomy":"category","embeddable":true,"href":"https:\/\/lametro989.com\/index.php?rest_route=%2Fwp%2Fv2%2Fcategories&post=37832"},{"taxonomy":"post_tag","embeddable":true,"href":"https:\/\/lametro989.com\/index.php?rest_route=%2Fwp%2Fv2%2Ftags&post=37832"}],"curies":[{"name":"wp","href":"https:\/\/api.w.org\/{rel}","templated":true}]}}