{"id":37838,"date":"2026-03-03T07:44:29","date_gmt":"2026-03-03T10:44:29","guid":{"rendered":"https:\/\/lametro989.com\/?p=37838"},"modified":"2026-03-03T07:44:29","modified_gmt":"2026-03-03T10:44:29","slug":"sube-un-45-el-precio-del-gas-natural-en-europa-tras-la-interrupcion-de-la-produccion-de-gnl-en-qatar","status":"publish","type":"post","link":"https:\/\/lametro989.com\/?p=37838","title":{"rendered":"Sube un 45% el precio del gas natural en Europa tras la interrupci\u00f3n de la producci\u00f3n de GNL en Qatar"},"content":{"rendered":"\n<p>En menos de 48 horas se empezaron a sentir en Europa los efectos de la ofensiva de Ir\u00e1n contra Qatar en respuesta al ataque de Estados Unidos e Israel.<\/p>\n\n\n\n<figure class=\"wp-block-image size-full\"><img loading=\"lazy\" decoding=\"async\" width=\"610\" height=\"457\" src=\"https:\/\/lametro989.com\/wp-content\/uploads\/2026\/03\/image-15.png\" alt=\"\" class=\"wp-image-37839\" srcset=\"https:\/\/lametro989.com\/wp-content\/uploads\/2026\/03\/image-15.png 610w, https:\/\/lametro989.com\/wp-content\/uploads\/2026\/03\/image-15-300x225.png 300w\" sizes=\"auto, (max-width: 610px) 100vw, 610px\" \/><\/figure>\n\n\n\n<p>Los&nbsp;<strong>precios del gas natural subieron este lunesun 45% en Europa, menos de 48 horas despu\u00e9s de que Ir\u00e1n bombardeara objetivos estrat\u00e9gicos en Qatar&nbsp;<\/strong>y otros pa\u00edses vecinos como represalia por el ataque del s\u00e1bado pasado ejecutado por Estados Unidos e Israel.<\/p>\n\n\n\n<p>Entre los objetivos bombardeados por Ir\u00e1n en las \u00faltimas horas se encuentra\u00a0<strong>la planta de producci\u00f3n de gas natural licuado (GNL) m\u00e1s grande del mundo, ubicada en Qatar, cuya producci\u00f3n qued\u00f3 suspendida de inmediato.<\/strong>Desde la autoridad de Qatar Energy&nbsp;<strong>confirmaron el cese de operaciones de la planta de GNL que se alimentaba del Yacimiento de gas natural South Pars-North Dome, ubicado en el Golfo P\u00e9rsico.<\/strong><\/p>\n\n\n\n<p>Adem\u00e1s,&nbsp;<strong>durante el fin de semana Ir\u00e1n cerr\u00f3 el canal de Hormuz<\/strong>, clave para el transporte de petr\u00f3leo y gas desde el Golfo P\u00e9rsico, tanto hacia Europa como para el resto del mundo.<\/p>\n\n\n\n<p>Como resultado,&nbsp;<strong>el precio de referencia del gas natural escal\u00f3 este lunes a 46 euros por megawatt\/hora en el mercado de los Pa\u00edses Bajos<\/strong>, que es el campo virtual gestionado por Gasunie para la adquisici\u00f3n de combustibles en Europa.<\/p>\n\n\n\n<figure class=\"wp-block-image\" id=\"8193927-Libre-1761993205_wrap\"><img decoding=\"async\" src=\"https:\/\/media.minutouno.com\/p\/2b625537051ee838a0a00e306a73baed\/adjuntos\/150\/imagenes\/043\/204\/0043204286\/610x0\/642x523:662x543\/estrecho-ormuz.jpg\" alt=\"\" title=\"\"\/><\/figure>\n\n\n\n<p>Mientras tanto, en el Reino Unido, el precio de referencia del gas natural trep\u00f3 en t\u00e1ndem con los valores de la Europa continental, y as\u00ed como el mercado neerland\u00e9s de Facilidad de Transferencia de T\u00edtulos (FTT) indic\u00f3 valores un 45% m\u00e1s caros otro tanto ocurri\u00f3 en el National Balancing Point (NBP), que es el campo virtual brit\u00e1nico para la misma actividad.<\/p>\n\n\n\n<p>Aunque&nbsp;<strong>la Uni\u00f3n Europea le compra a Qatar entre el 12% y 14% del total de gas natural licuado que necesita<\/strong>, la falta de producci\u00f3n en ese pa\u00eds podr\u00eda generar una mayor demanda de otros clientes, lo que dejar\u00eda al bloque regional en el aprieto de precios m\u00e1s caros, menos oferta y extensos tiempos de espera.<\/p>\n\n\n\n<p>&#8220;En la historia moderna el estrecho de Hormuz nunca estuvo cerrado por completo&#8221;, remarc\u00f3 el analista global de energ\u00eda Maurizio Carulli, de la firma Quilter Cheviot, en declaraciones reproducidas por EuroNews.<\/p>\n\n\n\n<p>Carulli se\u00f1al\u00f3 que &#8220;alrededor del 20% de la producci\u00f3n global de petr\u00f3leo pasa por el Estrecho de Hormuz&#8221;, adem\u00e1s de que un 38% del petr\u00f3leo crudo transportado por v\u00eda mar\u00edtima.<\/p>\n\n\n\n<p>Aunque no espera que las compa\u00f1\u00edas de transporte de petr\u00f3leo por v\u00eda mar\u00edtima reanuden sus operaciones hasta que &#8220;desescale la situaci\u00f3n militar&#8221;, Carulli asegur\u00f3 que durante el fin de semana pasado los buques petroleros se detuvieron casi por completo, una medida &#8220;de precauci\u00f3n&#8221; de parte de las compa\u00f1\u00edas para evitar el secuestro de sus embarcaciones y da\u00f1os a la carga o barcos.<\/p>\n","protected":false},"excerpt":{"rendered":"<p>En menos de 48 horas se empezaron a sentir en Europa los efectos de la ofensiva de Ir\u00e1n contra Qatar en respuesta al ataque de&hellip; <\/p>\n","protected":false},"author":2,"featured_media":37839,"comment_status":"open","ping_status":"open","sticky":false,"template":"","format":"standard","meta":{"footnotes":""},"categories":[13],"tags":[],"class_list":["post-37838","post","type-post","status-publish","format-standard","has-post-thumbnail","hentry","category-nacionales"],"_links":{"self":[{"href":"https:\/\/lametro989.com\/index.php?rest_route=\/wp\/v2\/posts\/37838","targetHints":{"allow":["GET"]}}],"collection":[{"href":"https:\/\/lametro989.com\/index.php?rest_route=\/wp\/v2\/posts"}],"about":[{"href":"https:\/\/lametro989.com\/index.php?rest_route=\/wp\/v2\/types\/post"}],"author":[{"embeddable":true,"href":"https:\/\/lametro989.com\/index.php?rest_route=\/wp\/v2\/users\/2"}],"replies":[{"embeddable":true,"href":"https:\/\/lametro989.com\/index.php?rest_route=%2Fwp%2Fv2%2Fcomments&post=37838"}],"version-history":[{"count":1,"href":"https:\/\/lametro989.com\/index.php?rest_route=\/wp\/v2\/posts\/37838\/revisions"}],"predecessor-version":[{"id":37840,"href":"https:\/\/lametro989.com\/index.php?rest_route=\/wp\/v2\/posts\/37838\/revisions\/37840"}],"wp:featuredmedia":[{"embeddable":true,"href":"https:\/\/lametro989.com\/index.php?rest_route=\/wp\/v2\/media\/37839"}],"wp:attachment":[{"href":"https:\/\/lametro989.com\/index.php?rest_route=%2Fwp%2Fv2%2Fmedia&parent=37838"}],"wp:term":[{"taxonomy":"category","embeddable":true,"href":"https:\/\/lametro989.com\/index.php?rest_route=%2Fwp%2Fv2%2Fcategories&post=37838"},{"taxonomy":"post_tag","embeddable":true,"href":"https:\/\/lametro989.com\/index.php?rest_route=%2Fwp%2Fv2%2Ftags&post=37838"}],"curies":[{"name":"wp","href":"https:\/\/api.w.org\/{rel}","templated":true}]}}