{"id":37844,"date":"2026-03-03T07:51:52","date_gmt":"2026-03-03T10:51:52","guid":{"rendered":"https:\/\/lametro989.com\/?p=37844"},"modified":"2026-03-03T07:51:52","modified_gmt":"2026-03-03T10:51:52","slug":"la-dura-respuesta-de-la-afa-tras-las-amenazas-de-denuncia-de-javier-milei-no-hubo-delito-hubo-humanidad","status":"publish","type":"post","link":"https:\/\/lametro989.com\/?p=37844","title":{"rendered":"La dura respuesta de la AFA tras las amenazas de denuncia de Javier Milei: &#8220;No hubo delito, hubo humanidad&#8221;"},"content":{"rendered":"\n<p>A trav\u00e9s de su abogado Gregorio Dalb\u00f3n, la AFA rechaz\u00f3 las versiones de una demanda penal por la liberaci\u00f3n de Nahuel Gallo.<\/p>\n\n\n\n<figure class=\"wp-block-image size-full\"><img loading=\"lazy\" decoding=\"async\" width=\"610\" height=\"442\" src=\"https:\/\/lametro989.com\/wp-content\/uploads\/2026\/03\/image-17.png\" alt=\"\" class=\"wp-image-37845\" srcset=\"https:\/\/lametro989.com\/wp-content\/uploads\/2026\/03\/image-17.png 610w, https:\/\/lametro989.com\/wp-content\/uploads\/2026\/03\/image-17-300x217.png 300w\" sizes=\"auto, (max-width: 610px) 100vw, 610px\" \/><\/figure>\n\n\n\n<p>La Asociaci\u00f3n del F\u00fatbol Argentino (AFA) rompi\u00f3 el silencio tras las recientes declaraciones del presidente&nbsp;<strong>Javier Milei<\/strong>, quien hab\u00eda minimizado la gesti\u00f3n de la entidad en el regreso del gendarme&nbsp;<strong><a href=\"https:\/\/www.minutouno.com\/sociedad\/el-emocionante-mensaje-la-esposa-nahuel-gallo-redes-sociales-su-regreso-al-pais-n6251137\" target=\"_blank\" rel=\"noreferrer noopener\">Nahuel Gallo<\/a><\/strong>&nbsp;y sugerido que sus autoridades&nbsp;<em>&#8220;se ensucian m\u00e1s&#8221;<\/em>&nbsp;con cada acci\u00f3n.<\/p>\n\n\n\n<p>A trav\u00e9s de un comunicado firmado por el abogado\u00a0<strong>Gregorio Dalb\u00f3n<\/strong>, la instituci\u00f3n calific\u00f3 las amenazas de denuncia penal como un acto de\u00a0<em>&#8220;gravedad institucional inusitada&#8221;<\/em>. &#8220;Fue una inacci\u00f3n del Estado, no un delito&#8221;<\/p>\n\n\n\n<figure class=\"wp-block-image\" id=\"8194088-Libre-74448953_wrap\"><img decoding=\"async\" src=\"https:\/\/media.minutouno.com\/p\/8bee8e91ef00b7315e97145dc33bd65c\/adjuntos\/150\/imagenes\/043\/204\/0043204951\/610x0\/smart\/image.png\" alt=\"Comunicado de la AFA sobre la liberaci\u00f3n de Nahuel Gallo\" title=\"Comunicado de la AFA sobre la liberaci\u00f3n de Nahuel Gallo\"\/><figcaption class=\"wp-element-caption\">Comunicado de la AFA sobre la liberaci\u00f3n de Nahuel Gallo<\/figcaption><\/figure>\n\n\n\n<p>El documento de la AFA responde directamente a las versiones que indican que el Gobierno nacional estudiar\u00eda iniciar acciones legales por un presunto&nbsp;<em>&#8220;entorpecimiento de las relaciones diplom\u00e1ticas&#8221;<\/em>.<\/p>\n\n\n\n<p>Desde la defensa legal de la entidad, Dalb\u00f3n fue tajante:&nbsp;<em>&#8220;No existi\u00f3 delito alguno&#8221;<\/em>.&nbsp;<em>&#8220;La gesti\u00f3n realizada por la AFA no configura ninguna conducta t\u00edpica. Ninguna norma proh\u00edbe que una instituci\u00f3n privada contribuya humanitariamente a la liberaci\u00f3n de un ciudadano argentino&#8221;<\/em>.<\/p>\n\n\n\n<p>En un p\u00e1rrafo cargado de contenido pol\u00edtico, el comunicado invierte la acusaci\u00f3n contra la Casa Rosada:&nbsp;<em>&#8220;Lo que qued\u00f3 al descubierto no fue un delito: fue una inacci\u00f3n. Durante m\u00e1s de quince meses, los canales diplom\u00e1ticos formales del Estado argentino no lograron obtener su liberaci\u00f3n. El Estado fall\u00f3 donde una instituci\u00f3n deportiva tuvo que intervenir&#8221;<\/em>.<\/p>\n\n\n\n<h2 class=\"wp-block-heading\">El desaf\u00edo de la AFA: &#8220;Lo har\u00edamos de nuevo&#8221;<\/h2>\n\n\n\n<p>Pese a las cr\u00edticas de Milei, quien tild\u00f3 la intervenci\u00f3n de la AFA como una&nbsp;<em>&#8220;cuesti\u00f3n de vig\u00e9simo quinto orden&#8221;<\/em>, la instituci\u00f3n reafirm\u00f3 su postura y la legitimidad de su &#8220;v\u00eda humanitaria&#8221;.<\/p>\n\n\n\n<p><em>&#8220;La AFA no se arrepiente. La AFA lo har\u00eda de nuevo&#8221;<\/em>, sostiene el texto difundido por Dalb\u00f3n.&nbsp;<em>&#8220;Nahuel Gallo est\u00e1 en Argentina. Est\u00e1 con su familia. Est\u00e1 vivo y libre. Eso es lo que importa&#8221;<\/em>.<\/p>\n\n\n\n<p>Finalmente, el comunicado expresa la plena confianza de la instituci\u00f3n en que cualquier magistrado que analice los hechos concluir\u00e1 que no hubo irregularidades.&nbsp;<em>&#8220;Hubo humanidad&#8221;<\/em>, cierra el escrito, profundizando la grieta entre el &#8220;tri\u00e1ngulo de hierro&#8221; del Gobierno y la conducci\u00f3n de Claudio &#8220;Chiqui&#8221; Tapia.<\/p>\n","protected":false},"excerpt":{"rendered":"<p>A trav\u00e9s de su abogado Gregorio Dalb\u00f3n, la AFA rechaz\u00f3 las versiones de una demanda penal por la liberaci\u00f3n de Nahuel Gallo. La Asociaci\u00f3n del&hellip; <\/p>\n","protected":false},"author":2,"featured_media":37845,"comment_status":"open","ping_status":"open","sticky":false,"template":"","format":"standard","meta":{"footnotes":""},"categories":[9,5],"tags":[],"class_list":["post-37844","post","type-post","status-publish","format-standard","has-post-thumbnail","hentry","category-destacadas","category-politica"],"_links":{"self":[{"href":"https:\/\/lametro989.com\/index.php?rest_route=\/wp\/v2\/posts\/37844","targetHints":{"allow":["GET"]}}],"collection":[{"href":"https:\/\/lametro989.com\/index.php?rest_route=\/wp\/v2\/posts"}],"about":[{"href":"https:\/\/lametro989.com\/index.php?rest_route=\/wp\/v2\/types\/post"}],"author":[{"embeddable":true,"href":"https:\/\/lametro989.com\/index.php?rest_route=\/wp\/v2\/users\/2"}],"replies":[{"embeddable":true,"href":"https:\/\/lametro989.com\/index.php?rest_route=%2Fwp%2Fv2%2Fcomments&post=37844"}],"version-history":[{"count":1,"href":"https:\/\/lametro989.com\/index.php?rest_route=\/wp\/v2\/posts\/37844\/revisions"}],"predecessor-version":[{"id":37846,"href":"https:\/\/lametro989.com\/index.php?rest_route=\/wp\/v2\/posts\/37844\/revisions\/37846"}],"wp:featuredmedia":[{"embeddable":true,"href":"https:\/\/lametro989.com\/index.php?rest_route=\/wp\/v2\/media\/37845"}],"wp:attachment":[{"href":"https:\/\/lametro989.com\/index.php?rest_route=%2Fwp%2Fv2%2Fmedia&parent=37844"}],"wp:term":[{"taxonomy":"category","embeddable":true,"href":"https:\/\/lametro989.com\/index.php?rest_route=%2Fwp%2Fv2%2Fcategories&post=37844"},{"taxonomy":"post_tag","embeddable":true,"href":"https:\/\/lametro989.com\/index.php?rest_route=%2Fwp%2Fv2%2Ftags&post=37844"}],"curies":[{"name":"wp","href":"https:\/\/api.w.org\/{rel}","templated":true}]}}