{"id":37856,"date":"2026-03-03T13:06:23","date_gmt":"2026-03-03T16:06:23","guid":{"rendered":"https:\/\/lametro989.com\/?p=37856"},"modified":"2026-03-03T13:06:23","modified_gmt":"2026-03-03T16:06:23","slug":"cristiano-ronaldo-dejo-arabia-saudita-tras-bombardeos-en-medio-oriente-volo-a-madrid","status":"publish","type":"post","link":"https:\/\/lametro989.com\/?p=37856","title":{"rendered":"Cristiano Ronaldo dej\u00f3 Arabia Saudita tras bombardeos en Medio Oriente: vol\u00f3 a Madrid"},"content":{"rendered":"\n<p>El delantero del Al-Nassr sali\u00f3 de Riad en un avi\u00f3n privado tras el ataque iran\u00ed a la Embajada de Estados Unidos, mientras crece la tensi\u00f3n en Medio Oriente.<\/p>\n\n\n\n<figure class=\"wp-block-image size-full\"><img loading=\"lazy\" decoding=\"async\" width=\"610\" height=\"456\" src=\"https:\/\/lametro989.com\/wp-content\/uploads\/2026\/03\/image-21.png\" alt=\"\" class=\"wp-image-37857\" srcset=\"https:\/\/lametro989.com\/wp-content\/uploads\/2026\/03\/image-21.png 610w, https:\/\/lametro989.com\/wp-content\/uploads\/2026\/03\/image-21-300x224.png 300w\" sizes=\"auto, (max-width: 610px) 100vw, 610px\" \/><\/figure>\n\n\n\n<p><strong>Cristiano Ronaldo<\/strong>&nbsp;abandon\u00f3&nbsp;<strong>Arabia Saudita<\/strong>&nbsp;junto a su familia luego de los bombardeos atribuidos a&nbsp;<strong>Ir\u00e1n<\/strong>&nbsp;contra la&nbsp;<strong>Embajada de Estados Unidos<\/strong>&nbsp;en&nbsp;<strong>Riad.<\/strong>&nbsp;El futbolista del&nbsp;<strong>Al-Nassr<\/strong>&nbsp;viaj\u00f3 de urgencia a&nbsp;<strong>Madrid<\/strong>&nbsp;ante la escalada del conflicto en&nbsp;<strong>Medio<\/strong>&nbsp;Oriente.<\/p>\n\n\n\n<p>El conflicto en Medio Oriente se agudiz\u00f3 exponencialmente en las \u00faltimas horas. A tal punto que Ir\u00e1n bombarde\u00f3 la Embajada que Estados Unidos tiene en Arabia Saudita y gener\u00f3 un clima de m\u00e1xima tensi\u00f3n en la regi\u00f3n. En ese contexto, el futbolista luso decidi\u00f3 abandonar el territorio saud\u00ed para resguardar a su familia. El delantero reside en la ciudad de Riad desde enero de 2023, cuando se convirti\u00f3 en refuerzo del Al-Nassr, por lo que el ataque ocurri\u00f3 cerca de su lugar de residencia. Seg\u00fan reportaron los mapas de seguimiento a\u00e9reo, el capit\u00e1n de Portugal parti\u00f3 de urgencia rumbo a Espa\u00f1a a bordo de un avi\u00f3n privado. El destino elegido fue Madrid, ciudad en la que vivi\u00f3 entre 2009 y 2018 mientras brillaba como una de las m\u00e1ximas figuras del Real Madrid.<\/p>\n\n\n\n<figure class=\"wp-block-image\" id=\"8193757-Libre-1582141935_wrap\"><img decoding=\"async\" src=\"https:\/\/media.minutouno.com\/p\/250e5ccde2933350dbc1e910489ebe23\/adjuntos\/150\/imagenes\/043\/203\/0043203239\/610x0\/148x784:168x804\/iran-bombardeo-refineria-rastanura.jpg\" alt=\"\" title=\"\"\/><\/figure>\n\n\n\n<h2 class=\"wp-block-heading\">Rio Ferdinand y los bombardeos en Dubai<\/h2>\n\n\n\n<p>Por ser aliado estrat\u00e9gico de Estados Unidos, Dubai tambi\u00e9n sufri\u00f3 bombardeos de Ir\u00e1n. Sin embargo, a diferencia de lo que logr\u00f3 Ronaldo, Rio Ferdinand -quien reside all\u00ed desde hace varios meses con su familia- no pudo escapar. El ex futbolista del Manchester United relat\u00f3 el dif\u00edcil momento que atraviesan refugiados en uno de los bunkers de la ciudad.<\/p>\n\n\n\n<p><strong>&#8220;Da miedo o\u00edr misiles, aviones y cazas&#8230; y o\u00edr grandes bombas. Se trata de explicar a tus hijos lo que est\u00e1 pasando y ayudarlos a superar este momento, lo cual es importante, especialmente como padre de familia. Quieres intentar mantener la calma&#8221;<\/strong>, reconoci\u00f3 en su podcast.<\/p>\n\n\n\n<figure class=\"wp-block-image\" id=\"8192268-Libre-2133119193_wrap\"><img decoding=\"async\" src=\"https:\/\/media.minutouno.com\/p\/687c0bf5449acbb4cda703dbb5c1b797\/adjuntos\/150\/imagenes\/043\/195\/0043195373\/610x0\/553x267:573x287\/cristiano-ronaldo-1.jpg\" alt=\"\" title=\"\"\/><\/figure>\n\n\n\n<h2 class=\"wp-block-heading\">Ir\u00e1n y el Mundial 2026 en duda<\/h2>\n\n\n\n<p>El fuego cruzado que Estados Unidos abri\u00f3 contra Ir\u00e1n no solo mantiene en vilo al planeta, sino que tambi\u00e9n puso en duda la participaci\u00f3n del equipo de Amir Ghalenoei en el Mundial 2026. Aunque por el momento solo son rumores, existe la posibilidad de que el seleccionado iran\u00ed decida bajarse voluntariamente de la competencia como protesta o, incluso, que sea descalificado, tal como le sucedi\u00f3 a Rusia en la edici\u00f3n anterior.<\/p>\n\n\n\n<p>El reglamento establece que&nbsp;<strong>&#8220;si una asociaci\u00f3n participante se retira o es excluida, el Consejo FIFA decidir\u00e1 sobre su sustituci\u00f3n&#8221;<\/strong>. Dado que el sorteo realizado en diciembre no puede repetirse y deben mantenerse los mismos cupos por federaci\u00f3n, el reemplazante deber\u00eda ser el siguiente mejor clasificado de las Eliminatorias de Asia.<\/p>\n\n\n\n<p>En caso de concretarse una baja, el equipo suplente ser\u00eda incluido autom\u00e1ticamente en el Grupo G junto a B\u00e9lgica, Egipto y Nueva Zelanda, heredando el mismo calendario. Su debut est\u00e1 previsto para el jueves 15 de junio frente al conjunto oce\u00e1nico.<\/p>\n","protected":false},"excerpt":{"rendered":"<p>El delantero del Al-Nassr sali\u00f3 de Riad en un avi\u00f3n privado tras el ataque iran\u00ed a la Embajada de Estados Unidos, mientras crece la tensi\u00f3n&hellip; <\/p>\n","protected":false},"author":2,"featured_media":37857,"comment_status":"open","ping_status":"open","sticky":false,"template":"","format":"standard","meta":{"footnotes":""},"categories":[10,9],"tags":[],"class_list":["post-37856","post","type-post","status-publish","format-standard","has-post-thumbnail","hentry","category-deportes","category-destacadas"],"_links":{"self":[{"href":"https:\/\/lametro989.com\/index.php?rest_route=\/wp\/v2\/posts\/37856","targetHints":{"allow":["GET"]}}],"collection":[{"href":"https:\/\/lametro989.com\/index.php?rest_route=\/wp\/v2\/posts"}],"about":[{"href":"https:\/\/lametro989.com\/index.php?rest_route=\/wp\/v2\/types\/post"}],"author":[{"embeddable":true,"href":"https:\/\/lametro989.com\/index.php?rest_route=\/wp\/v2\/users\/2"}],"replies":[{"embeddable":true,"href":"https:\/\/lametro989.com\/index.php?rest_route=%2Fwp%2Fv2%2Fcomments&post=37856"}],"version-history":[{"count":1,"href":"https:\/\/lametro989.com\/index.php?rest_route=\/wp\/v2\/posts\/37856\/revisions"}],"predecessor-version":[{"id":37858,"href":"https:\/\/lametro989.com\/index.php?rest_route=\/wp\/v2\/posts\/37856\/revisions\/37858"}],"wp:featuredmedia":[{"embeddable":true,"href":"https:\/\/lametro989.com\/index.php?rest_route=\/wp\/v2\/media\/37857"}],"wp:attachment":[{"href":"https:\/\/lametro989.com\/index.php?rest_route=%2Fwp%2Fv2%2Fmedia&parent=37856"}],"wp:term":[{"taxonomy":"category","embeddable":true,"href":"https:\/\/lametro989.com\/index.php?rest_route=%2Fwp%2Fv2%2Fcategories&post=37856"},{"taxonomy":"post_tag","embeddable":true,"href":"https:\/\/lametro989.com\/index.php?rest_route=%2Fwp%2Fv2%2Ftags&post=37856"}],"curies":[{"name":"wp","href":"https:\/\/api.w.org\/{rel}","templated":true}]}}