{"id":37862,"date":"2026-03-03T13:10:49","date_gmt":"2026-03-03T16:10:49","guid":{"rendered":"https:\/\/lametro989.com\/?p=37862"},"modified":"2026-03-03T13:10:49","modified_gmt":"2026-03-03T16:10:49","slug":"desde-la-federacion-agraria-advierten-que-hay-un-abandono-del-pequeno-productor","status":"publish","type":"post","link":"https:\/\/lametro989.com\/?p=37862","title":{"rendered":"Desde la Federaci\u00f3n Agraria advierten que hay un abandono del peque\u00f1o productor"},"content":{"rendered":"\n<p>Eduardo Trangoni, vocal titular del Distrito 01 de la Federaci\u00f3n Agraria Argentina, advirti\u00f3 en Radio Facundo Quiroga sobre la falta de rentabilidad, la ausencia de herramientas de respaldo y el impacto social que atraviesa la actividad algodonera en la provincia.<\/p>\n\n\n\n<figure class=\"wp-block-image size-full\"><img loading=\"lazy\" decoding=\"async\" width=\"850\" height=\"478\" src=\"https:\/\/lametro989.com\/wp-content\/uploads\/2026\/03\/image-23.png\" alt=\"\" class=\"wp-image-37863\" srcset=\"https:\/\/lametro989.com\/wp-content\/uploads\/2026\/03\/image-23.png 850w, https:\/\/lametro989.com\/wp-content\/uploads\/2026\/03\/image-23-300x169.png 300w, https:\/\/lametro989.com\/wp-content\/uploads\/2026\/03\/image-23-768x432.png 768w\" sizes=\"auto, (max-width: 850px) 100vw, 850px\" \/><\/figure>\n\n\n\n<p>La actividad algodonera atraviesa un momento complejo en el norte argentino y genera inquietud entre los productores. En comunicaci\u00f3n con&nbsp;Radio Facundo Quiroga, el vocal titular del Distrito 01 de la Federaci\u00f3n Agraria Argentina (FAA),&nbsp;Eduardo Trangoni, expuso el panorama del sector:&nbsp;\u201cEstamos pasando una situaci\u00f3n muy dif\u00edcil, con muchos productores que no logran sostenerse y con rendimientos que dependen exclusivamente del clima\u201d.<\/p>\n\n\n\n<p>Al referirse a las condiciones de producci\u00f3n, el dirigente remarc\u00f3 las diferencias estructurales con otros pa\u00edses:&nbsp;\u201cAc\u00e1 no tenemos riego y todo est\u00e1 atado a lo que pase con el tiempo, mientras que en otros lugares los productores son grandes y cuentan con otra infraestructura\u201d. En ese sentido, indic\u00f3 que el algod\u00f3n perdi\u00f3 protagonismo en la regi\u00f3n:&nbsp;\u201cChaco supo ser el principal productor y hoy qued\u00f3 relegado\u201d.<\/p>\n\n\n\n<p>Trangoni record\u00f3 herramientas que en otros momentos acompa\u00f1aron al sector y subray\u00f3 su ausencia actual: \u201cEl fondo compensador algodonero y la Ley 26.060 serv\u00edan para sostener al productor cuando los precios no acompa\u00f1aban, pero hoy eso no existe m\u00e1s\u201d. Seg\u00fan explic\u00f3, esa situaci\u00f3n impacta especialmente en las explotaciones m\u00e1s chicas.<\/p>\n\n\n\n<p>Sobre las consecuencias sociales y productivas, advirti\u00f3:&nbsp;\u201cEl peque\u00f1o productor se va quedando sin margen, los n\u00fameros no cierran y muchos terminan vendiendo sus campos\u201d. En esa l\u00ednea, afirm\u00f3 que la concentraci\u00f3n de tierras es una realidad creciente:&nbsp;\u201cEl productor de menos de 100 hect\u00e1reas pr\u00e1cticamente desapareci\u00f3\u201d.<\/p>\n\n\n\n<p>Finalmente, Trangoni puso el foco en la necesidad de una mirada integral sobre la actividad:&nbsp;\u201cEl algod\u00f3n no es solo el campo, es toda una cadena que genera trabajo desde la siembra hasta la industria textil\u201d. Y concluy\u00f3 destacando:&nbsp;\u201cSi no se piensa una pol\u00edtica que abarque todo ese proceso, se pone en riesgo una fuente hist\u00f3rica de empleo y desarrollo para la regi\u00f3n\u201d.<\/p>\n","protected":false},"excerpt":{"rendered":"<p>Eduardo Trangoni, vocal titular del Distrito 01 de la Federaci\u00f3n Agraria Argentina, advirti\u00f3 en Radio Facundo Quiroga sobre la falta de rentabilidad, la ausencia de&hellip; <\/p>\n","protected":false},"author":2,"featured_media":37863,"comment_status":"open","ping_status":"open","sticky":false,"template":"","format":"standard","meta":{"footnotes":""},"categories":[9,2],"tags":[],"class_list":["post-37862","post","type-post","status-publish","format-standard","has-post-thumbnail","hentry","category-destacadas","category-provinciales"],"_links":{"self":[{"href":"https:\/\/lametro989.com\/index.php?rest_route=\/wp\/v2\/posts\/37862","targetHints":{"allow":["GET"]}}],"collection":[{"href":"https:\/\/lametro989.com\/index.php?rest_route=\/wp\/v2\/posts"}],"about":[{"href":"https:\/\/lametro989.com\/index.php?rest_route=\/wp\/v2\/types\/post"}],"author":[{"embeddable":true,"href":"https:\/\/lametro989.com\/index.php?rest_route=\/wp\/v2\/users\/2"}],"replies":[{"embeddable":true,"href":"https:\/\/lametro989.com\/index.php?rest_route=%2Fwp%2Fv2%2Fcomments&post=37862"}],"version-history":[{"count":1,"href":"https:\/\/lametro989.com\/index.php?rest_route=\/wp\/v2\/posts\/37862\/revisions"}],"predecessor-version":[{"id":37864,"href":"https:\/\/lametro989.com\/index.php?rest_route=\/wp\/v2\/posts\/37862\/revisions\/37864"}],"wp:featuredmedia":[{"embeddable":true,"href":"https:\/\/lametro989.com\/index.php?rest_route=\/wp\/v2\/media\/37863"}],"wp:attachment":[{"href":"https:\/\/lametro989.com\/index.php?rest_route=%2Fwp%2Fv2%2Fmedia&parent=37862"}],"wp:term":[{"taxonomy":"category","embeddable":true,"href":"https:\/\/lametro989.com\/index.php?rest_route=%2Fwp%2Fv2%2Fcategories&post=37862"},{"taxonomy":"post_tag","embeddable":true,"href":"https:\/\/lametro989.com\/index.php?rest_route=%2Fwp%2Fv2%2Ftags&post=37862"}],"curies":[{"name":"wp","href":"https:\/\/api.w.org\/{rel}","templated":true}]}}